{"id":503812,"date":"2021-01-21T11:01:54","date_gmt":"2021-01-21T10:01:54","guid":{"rendered":"http:\/\/biomes.world\/blog\/antibiotika-bitte-nicht-ohne-darmschutz-2\/"},"modified":"2021-09-16T23:39:23","modified_gmt":"2021-09-16T21:39:23","slug":"antibiotika-bitte-nicht-ohne-darmschutz-2","status":"publish","type":"post","link":"https:\/\/biomes.world\/es\/mi-salud\/antibiotika-bitte-nicht-ohne-darmschutz-2\/","title":{"rendered":"\u00bfAntibi\u00f3ticos? \u00a1Por favor, no sin protecci\u00f3n intestinal!"},"content":{"rendered":"\n<h2 class=\"wp-block-heading\" id=\"h-antibi-ticos-por-favor-no-sin-protecci-n-intestinal\">\u00bfAntibi\u00f3ticos? \u00a1Por favor, no sin protecci\u00f3n intestinal!<\/h2>\n\n\n<p><strong>Wildau, 20. August 2020 \u2013 Antibiotika retten Leben, keine Frage. Doch die Arzneimittel vernichten nicht nur die Bakterien, die als Ausl\u00f6ser der Entz\u00fcndung gelten, sondern auch die n\u00fctzlichen. Die Folge: Das akute Problem ist gel\u00f6st, die Darmflora aber gesch\u00e4digt und anf\u00e4llig f\u00fcr neue Krankheitserreger. Wie Betroffene das verhindern k\u00f6nnen, erkl\u00e4rt Systembiologe <\/strong><strong>Dr. Paul Hammer von BIOMES.<\/strong><\/p>\n\n\n<h3 class=\"wp-block-heading\"><strong>Antibiotika kennen keine Unterschiede<\/strong><\/h3>\n\n\n\n<p>Befallen unseren Organismus krankmachende Bakterien, muss unser Immunsystem Schwerstarbeit leisten. Nicht immer gewinnt es den Kampf gegen die B\u00f6sewichte und wird dadurch schw\u00e4cher und schw\u00e4cher. <em>\u201eHilfe leistet in diesen F\u00e4llen ein Antibiotikum. Da das Medikament leider nicht zwischen n\u00fctzlichen und sch\u00e4dlichen Bakterien unterscheiden kann, erfasst es auch unz\u00e4hlige gute Darmunterst\u00fctzer. So bringen Antibiotika das Gleichgewicht der Bakterien-Besiedelung durcheinander. Unter Umst\u00e4nden vermehren sich im Anschluss unerw\u00fcnschte Krankheitserreger und gewinnen die Oberhand \u2013 mit dramatischen Auswirkungen f\u00fcr die Gesundheit\u201c,<\/em> erkl\u00e4rt <strong>Dr. Paul Hammer, CEO beim Biotechnologieunternehmen BIOMES<\/strong>. Betroffene leiden dann h\u00e4ufig unter Bauchschmerzen, Bl\u00e4hungen und Durchfall. Auch Pilze und Viren haben aufgrund der eingeschr\u00e4nkten Abwehrf\u00e4higkeit der Darmflora leichteres Spiel gegen das Immunsystem, denn dies liegt zu 80 Prozent im Darm.<\/p>\n\n\n\n<h3 class=\"wp-block-heading\"><strong>Schwer einzuordnende Symptome als Folge<\/strong><\/h3>\n\n\n\n<p>Nicht selten treten dann Krankheiten zu Tage, deren Ursache man erst seit den letzten Jahren einer gesch\u00e4digten Mikrobiota zuordnen kann. <em>\u201eSeitdem der Darm in den Fokus der Forschung ger\u00fcckt ist, wird auch seine ungeheure Bedeutung offensichtlich: In ihm sind \u00fcber 100 Millionen Nervenzellen angesiedelt, also mehr als im Gehirn und R\u00fcckenmark. \u00dcber die Darm-Hirn-Achse schickt der Darm st\u00e4ndig Botschaften an das Hirn. Lange dachte man es sei umgekehrt.\u201c<\/em> Ger\u00e4t dieses filigrane System durch ein Ungleichgewicht in Mitleidenschaft, erh\u00f6ht sich Studien zufolge das Risiko unter anderem f\u00fcr:<\/p>\n\n\n\n<ul class=\"wp-block-list\"><li>Allergien<\/li><li>\u00dcbergewicht (Adipositas)<\/li><li>Rheumatische Erkrankungen<\/li><li>Hauterkrankungen<\/li><li>Schlafst\u00f6rungen<\/li><li>Depressionen<\/li><\/ul>\n\n\n\n<h3 class=\"wp-block-heading\"><strong>Superheld in Not<\/strong><\/h3>\n\n\n\n<p>Den Grund f\u00fcr die schweren Folgen einer gest\u00f6rten Darmflora erkl\u00e4rt <strong>Systembiologe Dr. Hammer<\/strong> wie folgt:<em> \u201eUnser Darm ist viel mehr als ein Essensverwerter \u2013 er ist ein wahrer Allesk\u00f6nner! Zum Beispiel filtert er lebenswichtige N\u00e4hrstoffe aus unseren Mahlzeiten heraus und stellt sie dem Organismus zur Verf\u00fcgung. Klappt das nicht, werden zu wenig Kalzium oder Magnesium weitergeleitet und es k\u00f6nnen Osteoporose oder Migr\u00e4ne auftreten. Au\u00dferdem z\u00e4hlt er neben der Haut und der Lunge zu den wichtigsten Entgiftungsorganen. Kann er seine Aufgabe durch die Fehlbesiedelung nicht mehr erf\u00fcllen, reagieren Haut und Lunge schnell \u00fcber und setzen eine Kaskade von Beschwerden frei, wie Heuschnupfen, Neurodermitis und unreine Haut. Oder um es kurz zu sagen: Kr\u00e4nkelt der Darm, kr\u00e4nkelt der Mensch.\u201c<\/em><\/p>\n\n\n\n<h3 class=\"wp-block-heading\"><strong>Erste-Hilfe f\u00fcr den Allesk\u00f6nner<\/strong><\/h3>\n\n\n\n<p>Sinnvoll und erkenntnisreich, so Dr. Hammer, k\u00f6nne bei Darmproblemen eine genaue Stuhlanalyse durch den <strong>INTEST.pro von BIOMES<\/strong> sein. Kunden nehmen mittels eines Wattest\u00e4bchens etwas Stuhl und schicken diesen in einem mitgelieferten Gef\u00e4\u00df in das <strong>BIOMES<\/strong> Labor. Dort wird die Probe aufw\u00e4ndig untersucht und ein <strong>Mikrobiota-Profil<\/strong> erstellt. Dies enth\u00e4lt umfangreiche Informationen, unter anderem zur <strong>Bakterienbesiedelung, Verdauung und Immunst\u00e4rke<\/strong>. Parallel r\u00e4t der Systembiologe grunds\u00e4tzlich und langfristig zu einer probiotischen Ern\u00e4hrung, also zu Lebensmitteln, die reichlich gute Bakterien enthalten: <em>\u201eProbiotika bedeutet \u00fcbersetzt \u201af\u00fcr das Leben\u2019. Wir gehen von etwa 400 verschiedenen Arten aus, die h\u00e4ufigsten sind die Milchs\u00e4urebakterien. Davon haben wir schon viele im Darm, dennoch sollten wir die internen Best\u00e4nde durch das richtige Essen pflegen und unterst\u00fctzen.\u201c<\/em> Neben nicht pasteurisiertem K\u00e4se, wie Mozzarella, Cheddar und Gorgonzola, sind auch fermentierte Lebensmittel wie Sauerkraut, Kefir oder Joghurt prima. Hilfreich kann zus\u00e4tzlich die gezielte Einnahme von probiotischen Nahrungserg\u00e4nzungsmitten in Kapselform sein, wie <strong>DEFENSE.<\/strong>pro oder<strong> RESTART.<\/strong>pro<strong>.<\/strong>&nbsp;<em>\u201eDurch die Darreichungsform \u00fcberleben gro\u00dfe Mengen der Bakterien die Magens\u00e4ure und landen dort, wo sie hingeh\u00f6ren: im Darm\u201c<\/em>, so <strong>Dr. Hammer<\/strong>.<\/p>\n","protected":false},"excerpt":{"rendered":"<p>\u00bfAntibi\u00f3ticos? \u00a1Por favor, no sin protecci\u00f3n intestinal! Wildau, 20. August 2020 \u2013 Antibiotika retten Leben, keine Frage. Doch die Arzneimittel vernichten nicht nur die Bakterien, die als Ausl\u00f6ser der Entz\u00fcndung gelten, sondern auch die n\u00fctzlichen. Die Folge: Das akute Problem ist gel\u00f6st, die Darmflora aber gesch\u00e4digt und anf\u00e4llig f\u00fcr neue Krankheitserreger. Wie Betroffene das verhindern [&#8230;]<\/p>\n","protected":false},"author":3168,"featured_media":512179,"comment_status":"closed","ping_status":"closed","sticky":false,"template":"","format":"standard","meta":{"_acf_changed":false,"footnotes":""},"categories":[961,968,966],"tags":[],"class_list":["post-503812","post","type-post","status-publish","format-standard","has-post-thumbnail","hentry","category-cosas-a-saber","category-regenerar-flora-intestinal","category-salud-intestinal"],"acf":[],"yoast_head":"<!-- This site is optimized with the Yoast SEO plugin v27.5 - https:\/\/yoast.com\/product\/yoast-seo-wordpress\/ -->\n<title>\u00bfAntibi\u00f3ticos? \u00a1Por favor, no sin protecci\u00f3n intestinal! | BIOMES<\/title>\n<meta name=\"description\" content=\"Los antibi\u00f3ticos salvan vidas, sin duda. Pero tambi\u00e9n destruyen las bacterias beneficiosas. Te explicamos c\u00f3mo puedes evitarlo.\" \/>\n<meta name=\"robots\" content=\"index, follow, max-snippet:-1, max-image-preview:large, max-video-preview:-1\" \/>\n<link rel=\"canonical\" href=\"https:\/\/biomes.world\/es\/mi-salud\/antibiotika-bitte-nicht-ohne-darmschutz-2\/\" \/>\n<meta property=\"og:locale\" content=\"es_ES\" \/>\n<meta property=\"og:type\" content=\"article\" \/>\n<meta property=\"og:title\" content=\"\u00bfAntibi\u00f3ticos? \u00a1Por favor, no sin protecci\u00f3n intestinal! | BIOMES\" \/>\n<meta property=\"og:description\" content=\"Los antibi\u00f3ticos salvan vidas, sin duda. Pero tambi\u00e9n destruyen las bacterias beneficiosas. Te explicamos c\u00f3mo puedes evitarlo.\" \/>\n<meta property=\"og:url\" content=\"https:\/\/biomes.world\/es\/mi-salud\/antibiotika-bitte-nicht-ohne-darmschutz-2\/\" \/>\n<meta property=\"og:site_name\" content=\"BIOMES - Feel better\" \/>\n<meta property=\"article:publisher\" content=\"https:\/\/de-de.facebook.com\/BIOMES.world\/\" \/>\n<meta property=\"article:published_time\" content=\"2021-01-21T10:01:54+00:00\" \/>\n<meta property=\"article:modified_time\" content=\"2021-09-16T21:39:23+00:00\" \/>\n<meta property=\"og:image\" content=\"https:\/\/biomes.world\/wp-content\/uploads\/2021\/01\/Darmschutz-1024x684.jpg\" \/>\n\t<meta property=\"og:image:width\" content=\"1024\" \/>\n\t<meta property=\"og:image:height\" content=\"684\" \/>\n\t<meta property=\"og:image:type\" content=\"image\/jpeg\" \/>\n<meta name=\"author\" content=\"Dr. Paul Hammer\" \/>\n<meta name=\"twitter:card\" content=\"summary_large_image\" \/>\n<meta name=\"twitter:label1\" content=\"Escrito por\" \/>\n\t<meta name=\"twitter:data1\" content=\"Dr. Paul Hammer\" \/>\n\t<meta name=\"twitter:label2\" content=\"Tiempo de lectura\" \/>\n\t<meta name=\"twitter:data2\" content=\"3 minutos\" \/>\n<script type=\"application\/ld+json\" class=\"yoast-schema-graph\">{\"@context\":\"https:\\\/\\\/schema.org\",\"@graph\":[{\"@type\":\"Article\",\"@id\":\"https:\\\/\\\/biomes.world\\\/es\\\/mi-salud\\\/antibiotika-bitte-nicht-ohne-darmschutz-2\\\/#article\",\"isPartOf\":{\"@id\":\"https:\\\/\\\/biomes.world\\\/es\\\/mi-salud\\\/antibiotika-bitte-nicht-ohne-darmschutz-2\\\/\"},\"author\":{\"name\":\"Dr. Paul Hammer\",\"@id\":\"https:\\\/\\\/biomes.world\\\/es\\\/#\\\/schema\\\/person\\\/6ca9c5d1dd4da421e107092bf1235957\"},\"headline\":\"\u00bfAntibi\u00f3ticos? \u00a1Por favor, no sin protecci\u00f3n intestinal!\",\"datePublished\":\"2021-01-21T10:01:54+00:00\",\"dateModified\":\"2021-09-16T21:39:23+00:00\",\"mainEntityOfPage\":{\"@id\":\"https:\\\/\\\/biomes.world\\\/es\\\/mi-salud\\\/antibiotika-bitte-nicht-ohne-darmschutz-2\\\/\"},\"wordCount\":653,\"publisher\":{\"@id\":\"https:\\\/\\\/biomes.world\\\/es\\\/#organization\"},\"image\":{\"@id\":\"https:\\\/\\\/biomes.world\\\/es\\\/mi-salud\\\/antibiotika-bitte-nicht-ohne-darmschutz-2\\\/#primaryimage\"},\"thumbnailUrl\":\"https:\\\/\\\/biomes.world\\\/wp-content\\\/uploads\\\/2021\\\/01\\\/Darmschutz.jpg\",\"articleSection\":[\"Cosas a saber\",\"Regenerar la flora intestinal\",\"Salud intestinal\"],\"inLanguage\":\"es\"},{\"@type\":\"WebPage\",\"@id\":\"https:\\\/\\\/biomes.world\\\/es\\\/mi-salud\\\/antibiotika-bitte-nicht-ohne-darmschutz-2\\\/\",\"url\":\"https:\\\/\\\/biomes.world\\\/es\\\/mi-salud\\\/antibiotika-bitte-nicht-ohne-darmschutz-2\\\/\",\"name\":\"\u00bfAntibi\u00f3ticos? \u00a1Por favor, no sin protecci\u00f3n intestinal! | BIOMES\",\"isPartOf\":{\"@id\":\"https:\\\/\\\/biomes.world\\\/es\\\/#website\"},\"primaryImageOfPage\":{\"@id\":\"https:\\\/\\\/biomes.world\\\/es\\\/mi-salud\\\/antibiotika-bitte-nicht-ohne-darmschutz-2\\\/#primaryimage\"},\"image\":{\"@id\":\"https:\\\/\\\/biomes.world\\\/es\\\/mi-salud\\\/antibiotika-bitte-nicht-ohne-darmschutz-2\\\/#primaryimage\"},\"thumbnailUrl\":\"https:\\\/\\\/biomes.world\\\/wp-content\\\/uploads\\\/2021\\\/01\\\/Darmschutz.jpg\",\"datePublished\":\"2021-01-21T10:01:54+00:00\",\"dateModified\":\"2021-09-16T21:39:23+00:00\",\"description\":\"Los antibi\u00f3ticos salvan vidas, sin duda. Pero tambi\u00e9n destruyen las bacterias beneficiosas. Te explicamos c\u00f3mo puedes evitarlo.\",\"breadcrumb\":{\"@id\":\"https:\\\/\\\/biomes.world\\\/es\\\/mi-salud\\\/antibiotika-bitte-nicht-ohne-darmschutz-2\\\/#breadcrumb\"},\"inLanguage\":\"es\",\"potentialAction\":[{\"@type\":\"ReadAction\",\"target\":[\"https:\\\/\\\/biomes.world\\\/es\\\/mi-salud\\\/antibiotika-bitte-nicht-ohne-darmschutz-2\\\/\"]}]},{\"@type\":\"ImageObject\",\"inLanguage\":\"es\",\"@id\":\"https:\\\/\\\/biomes.world\\\/es\\\/mi-salud\\\/antibiotika-bitte-nicht-ohne-darmschutz-2\\\/#primaryimage\",\"url\":\"https:\\\/\\\/biomes.world\\\/wp-content\\\/uploads\\\/2021\\\/01\\\/Darmschutz.jpg\",\"contentUrl\":\"https:\\\/\\\/biomes.world\\\/wp-content\\\/uploads\\\/2021\\\/01\\\/Darmschutz.jpg\",\"width\":2000,\"height\":1335,\"caption\":\"Silhouette of happy joyful woman jumping and having fun at the beach against the sunset. Concept of freedom and leisure vacation\"},{\"@type\":\"BreadcrumbList\",\"@id\":\"https:\\\/\\\/biomes.world\\\/es\\\/mi-salud\\\/antibiotika-bitte-nicht-ohne-darmschutz-2\\\/#breadcrumb\",\"itemListElement\":[{\"@type\":\"ListItem\",\"position\":1,\"name\":\"Home\",\"item\":\"https:\\\/\\\/biomes.world\\\/es\\\/\"},{\"@type\":\"ListItem\",\"position\":2,\"name\":\"\u00bfAntibi\u00f3ticos? \u00a1Por favor, no sin protecci\u00f3n intestinal!\"}]},{\"@type\":\"WebSite\",\"@id\":\"https:\\\/\\\/biomes.world\\\/es\\\/#website\",\"url\":\"https:\\\/\\\/biomes.world\\\/es\\\/\",\"name\":\"BIOMES - Feel better\",\"description\":\"Cutting-edge biotechnology used to help people\",\"publisher\":{\"@id\":\"https:\\\/\\\/biomes.world\\\/es\\\/#organization\"},\"potentialAction\":[{\"@type\":\"SearchAction\",\"target\":{\"@type\":\"EntryPoint\",\"urlTemplate\":\"https:\\\/\\\/biomes.world\\\/es\\\/?s={search_term_string}\"},\"query-input\":{\"@type\":\"PropertyValueSpecification\",\"valueRequired\":true,\"valueName\":\"search_term_string\"}}],\"inLanguage\":\"es\"},{\"@type\":\"Organization\",\"@id\":\"https:\\\/\\\/biomes.world\\\/es\\\/#organization\",\"name\":\"BIOMES 4.0 GmbH\",\"url\":\"https:\\\/\\\/biomes.world\\\/es\\\/\",\"logo\":{\"@type\":\"ImageObject\",\"inLanguage\":\"es\",\"@id\":\"https:\\\/\\\/biomes.world\\\/es\\\/#\\\/schema\\\/logo\\\/image\\\/\",\"url\":\"https:\\\/\\\/biomes.world\\\/http:\\\/\\\/biomes.world\\\/wp-content\\\/uploads\\\/2024\\\/04\\\/biomes_logo_2021_RGB.png\",\"contentUrl\":\"https:\\\/\\\/biomes.world\\\/http:\\\/\\\/biomes.world\\\/wp-content\\\/uploads\\\/2024\\\/04\\\/biomes_logo_2021_RGB.png\",\"width\":10040,\"height\":2599,\"caption\":\"BIOMES 4.0 GmbH\"},\"image\":{\"@id\":\"https:\\\/\\\/biomes.world\\\/es\\\/#\\\/schema\\\/logo\\\/image\\\/\"},\"sameAs\":[\"https:\\\/\\\/de-de.facebook.com\\\/BIOMES.world\\\/\",\"https:\\\/\\\/www.youtube.com\\\/@BIOMESworld\",\"https:\\\/\\\/www.instagram.com\\\/biomes_official\\\/\"]},{\"@type\":\"Person\",\"@id\":\"https:\\\/\\\/biomes.world\\\/es\\\/#\\\/schema\\\/person\\\/6ca9c5d1dd4da421e107092bf1235957\",\"name\":\"Dr. Paul Hammer\",\"image\":{\"@type\":\"ImageObject\",\"inLanguage\":\"es\",\"@id\":\"https:\\\/\\\/secure.gravatar.com\\\/avatar\\\/7b9ca6439b8f81c0c7fdfcce69b1ac9671bb451f6222e3fdad8a5d69827081a7?s=96&d=mm&r=g\",\"url\":\"https:\\\/\\\/secure.gravatar.com\\\/avatar\\\/7b9ca6439b8f81c0c7fdfcce69b1ac9671bb451f6222e3fdad8a5d69827081a7?s=96&d=mm&r=g\",\"contentUrl\":\"https:\\\/\\\/secure.gravatar.com\\\/avatar\\\/7b9ca6439b8f81c0c7fdfcce69b1ac9671bb451f6222e3fdad8a5d69827081a7?s=96&d=mm&r=g\",\"caption\":\"Dr. Paul Hammer\"},\"description\":\"Dr. Paul Hammer ist Gr\u00fcnder und CEO der BIOMES 4.0 GmbH. Paul promovierte 2012 in Systembiologie und Bioinformatik.\",\"url\":\"https:\\\/\\\/biomes.world\\\/es\\\/author\\\/paul_hammer\\\/\"}]}<\/script>\n<!-- \/ Yoast SEO plugin. -->","yoast_head_json":{"title":"\u00bfAntibi\u00f3ticos? \u00a1Por favor, no sin protecci\u00f3n intestinal! | BIOMES","description":"Los antibi\u00f3ticos salvan vidas, sin duda. Pero tambi\u00e9n destruyen las bacterias beneficiosas. Te explicamos c\u00f3mo puedes evitarlo.","robots":{"index":"index","follow":"follow","max-snippet":"max-snippet:-1","max-image-preview":"max-image-preview:large","max-video-preview":"max-video-preview:-1"},"canonical":"https:\/\/biomes.world\/es\/mi-salud\/antibiotika-bitte-nicht-ohne-darmschutz-2\/","og_locale":"es_ES","og_type":"article","og_title":"\u00bfAntibi\u00f3ticos? \u00a1Por favor, no sin protecci\u00f3n intestinal! | BIOMES","og_description":"Los antibi\u00f3ticos salvan vidas, sin duda. Pero tambi\u00e9n destruyen las bacterias beneficiosas. Te explicamos c\u00f3mo puedes evitarlo.","og_url":"https:\/\/biomes.world\/es\/mi-salud\/antibiotika-bitte-nicht-ohne-darmschutz-2\/","og_site_name":"BIOMES - Feel better","article_publisher":"https:\/\/de-de.facebook.com\/BIOMES.world\/","article_published_time":"2021-01-21T10:01:54+00:00","article_modified_time":"2021-09-16T21:39:23+00:00","og_image":[{"width":1024,"height":684,"url":"https:\/\/biomes.world\/wp-content\/uploads\/2021\/01\/Darmschutz-1024x684.jpg","type":"image\/jpeg"}],"author":"Dr. Paul Hammer","twitter_card":"summary_large_image","twitter_misc":{"Escrito por":"Dr. Paul Hammer","Tiempo de lectura":"3 minutos"},"schema":{"@context":"https:\/\/schema.org","@graph":[{"@type":"Article","@id":"https:\/\/biomes.world\/es\/mi-salud\/antibiotika-bitte-nicht-ohne-darmschutz-2\/#article","isPartOf":{"@id":"https:\/\/biomes.world\/es\/mi-salud\/antibiotika-bitte-nicht-ohne-darmschutz-2\/"},"author":{"name":"Dr. Paul Hammer","@id":"https:\/\/biomes.world\/es\/#\/schema\/person\/6ca9c5d1dd4da421e107092bf1235957"},"headline":"\u00bfAntibi\u00f3ticos? \u00a1Por favor, no sin protecci\u00f3n intestinal!","datePublished":"2021-01-21T10:01:54+00:00","dateModified":"2021-09-16T21:39:23+00:00","mainEntityOfPage":{"@id":"https:\/\/biomes.world\/es\/mi-salud\/antibiotika-bitte-nicht-ohne-darmschutz-2\/"},"wordCount":653,"publisher":{"@id":"https:\/\/biomes.world\/es\/#organization"},"image":{"@id":"https:\/\/biomes.world\/es\/mi-salud\/antibiotika-bitte-nicht-ohne-darmschutz-2\/#primaryimage"},"thumbnailUrl":"https:\/\/biomes.world\/wp-content\/uploads\/2021\/01\/Darmschutz.jpg","articleSection":["Cosas a saber","Regenerar la flora intestinal","Salud intestinal"],"inLanguage":"es"},{"@type":"WebPage","@id":"https:\/\/biomes.world\/es\/mi-salud\/antibiotika-bitte-nicht-ohne-darmschutz-2\/","url":"https:\/\/biomes.world\/es\/mi-salud\/antibiotika-bitte-nicht-ohne-darmschutz-2\/","name":"\u00bfAntibi\u00f3ticos? \u00a1Por favor, no sin protecci\u00f3n intestinal! | BIOMES","isPartOf":{"@id":"https:\/\/biomes.world\/es\/#website"},"primaryImageOfPage":{"@id":"https:\/\/biomes.world\/es\/mi-salud\/antibiotika-bitte-nicht-ohne-darmschutz-2\/#primaryimage"},"image":{"@id":"https:\/\/biomes.world\/es\/mi-salud\/antibiotika-bitte-nicht-ohne-darmschutz-2\/#primaryimage"},"thumbnailUrl":"https:\/\/biomes.world\/wp-content\/uploads\/2021\/01\/Darmschutz.jpg","datePublished":"2021-01-21T10:01:54+00:00","dateModified":"2021-09-16T21:39:23+00:00","description":"Los antibi\u00f3ticos salvan vidas, sin duda. Pero tambi\u00e9n destruyen las bacterias beneficiosas. Te explicamos c\u00f3mo puedes evitarlo.","breadcrumb":{"@id":"https:\/\/biomes.world\/es\/mi-salud\/antibiotika-bitte-nicht-ohne-darmschutz-2\/#breadcrumb"},"inLanguage":"es","potentialAction":[{"@type":"ReadAction","target":["https:\/\/biomes.world\/es\/mi-salud\/antibiotika-bitte-nicht-ohne-darmschutz-2\/"]}]},{"@type":"ImageObject","inLanguage":"es","@id":"https:\/\/biomes.world\/es\/mi-salud\/antibiotika-bitte-nicht-ohne-darmschutz-2\/#primaryimage","url":"https:\/\/biomes.world\/wp-content\/uploads\/2021\/01\/Darmschutz.jpg","contentUrl":"https:\/\/biomes.world\/wp-content\/uploads\/2021\/01\/Darmschutz.jpg","width":2000,"height":1335,"caption":"Silhouette of happy joyful woman jumping and having fun at the beach against the sunset. Concept of freedom and leisure vacation"},{"@type":"BreadcrumbList","@id":"https:\/\/biomes.world\/es\/mi-salud\/antibiotika-bitte-nicht-ohne-darmschutz-2\/#breadcrumb","itemListElement":[{"@type":"ListItem","position":1,"name":"Home","item":"https:\/\/biomes.world\/es\/"},{"@type":"ListItem","position":2,"name":"\u00bfAntibi\u00f3ticos? \u00a1Por favor, no sin protecci\u00f3n intestinal!"}]},{"@type":"WebSite","@id":"https:\/\/biomes.world\/es\/#website","url":"https:\/\/biomes.world\/es\/","name":"BIOMES - Feel better","description":"Cutting-edge biotechnology used to help people","publisher":{"@id":"https:\/\/biomes.world\/es\/#organization"},"potentialAction":[{"@type":"SearchAction","target":{"@type":"EntryPoint","urlTemplate":"https:\/\/biomes.world\/es\/?s={search_term_string}"},"query-input":{"@type":"PropertyValueSpecification","valueRequired":true,"valueName":"search_term_string"}}],"inLanguage":"es"},{"@type":"Organization","@id":"https:\/\/biomes.world\/es\/#organization","name":"BIOMES 4.0 GmbH","url":"https:\/\/biomes.world\/es\/","logo":{"@type":"ImageObject","inLanguage":"es","@id":"https:\/\/biomes.world\/es\/#\/schema\/logo\/image\/","url":"https:\/\/biomes.world\/http:\/\/biomes.world\/wp-content\/uploads\/2024\/04\/biomes_logo_2021_RGB.png","contentUrl":"https:\/\/biomes.world\/http:\/\/biomes.world\/wp-content\/uploads\/2024\/04\/biomes_logo_2021_RGB.png","width":10040,"height":2599,"caption":"BIOMES 4.0 GmbH"},"image":{"@id":"https:\/\/biomes.world\/es\/#\/schema\/logo\/image\/"},"sameAs":["https:\/\/de-de.facebook.com\/BIOMES.world\/","https:\/\/www.youtube.com\/@BIOMESworld","https:\/\/www.instagram.com\/biomes_official\/"]},{"@type":"Person","@id":"https:\/\/biomes.world\/es\/#\/schema\/person\/6ca9c5d1dd4da421e107092bf1235957","name":"Dr. Paul Hammer","image":{"@type":"ImageObject","inLanguage":"es","@id":"https:\/\/secure.gravatar.com\/avatar\/7b9ca6439b8f81c0c7fdfcce69b1ac9671bb451f6222e3fdad8a5d69827081a7?s=96&d=mm&r=g","url":"https:\/\/secure.gravatar.com\/avatar\/7b9ca6439b8f81c0c7fdfcce69b1ac9671bb451f6222e3fdad8a5d69827081a7?s=96&d=mm&r=g","contentUrl":"https:\/\/secure.gravatar.com\/avatar\/7b9ca6439b8f81c0c7fdfcce69b1ac9671bb451f6222e3fdad8a5d69827081a7?s=96&d=mm&r=g","caption":"Dr. Paul Hammer"},"description":"Dr. Paul Hammer ist Gr\u00fcnder und CEO der BIOMES 4.0 GmbH. Paul promovierte 2012 in Systembiologie und Bioinformatik.","url":"https:\/\/biomes.world\/es\/author\/paul_hammer\/"}]}},"_links":{"self":[{"href":"https:\/\/biomes.world\/es\/wp-json\/wp\/v2\/posts\/503812","targetHints":{"allow":["GET"]}}],"collection":[{"href":"https:\/\/biomes.world\/es\/wp-json\/wp\/v2\/posts"}],"about":[{"href":"https:\/\/biomes.world\/es\/wp-json\/wp\/v2\/types\/post"}],"author":[{"embeddable":true,"href":"https:\/\/biomes.world\/es\/wp-json\/wp\/v2\/users\/3168"}],"replies":[{"embeddable":true,"href":"https:\/\/biomes.world\/es\/wp-json\/wp\/v2\/comments?post=503812"}],"version-history":[{"count":0,"href":"https:\/\/biomes.world\/es\/wp-json\/wp\/v2\/posts\/503812\/revisions"}],"wp:featuredmedia":[{"embeddable":true,"href":"https:\/\/biomes.world\/es\/wp-json\/wp\/v2\/media\/512179"}],"wp:attachment":[{"href":"https:\/\/biomes.world\/es\/wp-json\/wp\/v2\/media?parent=503812"}],"wp:term":[{"taxonomy":"category","embeddable":true,"href":"https:\/\/biomes.world\/es\/wp-json\/wp\/v2\/categories?post=503812"},{"taxonomy":"post_tag","embeddable":true,"href":"https:\/\/biomes.world\/es\/wp-json\/wp\/v2\/tags?post=503812"}],"curies":[{"name":"wp","href":"https:\/\/api.w.org\/{rel}","templated":true}]}}