{"id":155676,"date":"2018-09-09T20:35:01","date_gmt":"2018-09-09T18:35:01","guid":{"rendered":"http:\/\/biomes.world\/wissenswertes\/probiotika\/"},"modified":"2023-08-31T10:52:02","modified_gmt":"2023-08-31T08:52:02","slug":"probioticos","status":"publish","type":"post","link":"https:\/\/biomes.world\/es\/cosas-a-saber\/intestino\/salud-intestinal\/probioticos\/","title":{"rendered":"Probi\u00f3ticos"},"content":{"rendered":"\n<h2 class=\"wp-block-heading\" id=\"h-que-son-los-probioticos-y-como-mejoran-nuestro-bienestar\">\u00bfQu\u00e9 son los probi\u00f3ticos y c\u00f3mo mejoran nuestro bienestar?<\/h2>\n\n\n\n<p>El t\u00e9rmino \u00abprobi\u00f3tico\u00bb deriva del lat\u00edn y se compone de \u00abpro\u00bb, que significa \u00abpara\u00bb, y \u00abbios\u00bb, que significa \u00abvida\u00bb. Es decir, los probi\u00f3ticos favorecen la buena salud y el bienestar<\/p>\n\n\n\n<h2 class=\"wp-block-heading\" id=\"h-que-son-exactamente-los-probioticos\">\u00bfQu\u00e9 son exactamente los probi\u00f3ticos?<\/h2>\n\n\n\n<p>La Organizaci\u00f3n Mundial de la Salud (OMS) define los probi\u00f3ticos como \u00abmicroorganismos vivos que, administrados en cantidades suficientes, aportan beneficios para la salud al organismo hu\u00e9sped\u00bb. En t\u00e9rminos generales, se trata de bacterias y hongos que no da\u00f1an el cuerpo humano, sino que tienen un efecto positivo en sus procesos metab\u00f3licos. Los probi\u00f3ticos son las criaturas m\u00e1s peque\u00f1as microsc\u00f3picamente, por lo que el t\u00e9rmino tambi\u00e9n se suele utilizar para complementos alimenticios que contienen los peque\u00f1os organismos y los transportan hasta nuestro intestino para colonizarlo.<\/p>\n\n\n\n<p>Un buen probi\u00f3tico contiene bacterias que sobreviven al \u00e1cido del est\u00f3mago, ya que los peque\u00f1os ayudantes no pueden desarrollar su efecto en el est\u00f3mago. Para lograr efectos positivos, debe llegar una cantidad suficiente al intestino, donde se multiplica. De esta forma, los probi\u00f3ticos correctos restauran una flora intestinal desequilibrada.<\/p>\n\n\n\n<h2 class=\"wp-block-heading\" id=\"h-cual-es-la-diferencia-entre-probioticos-y-prebioticos\">\u00bfCu\u00e1l es la diferencia entre probi\u00f3ticos y prebi\u00f3ticos?<\/h2>\n\n\n\n<p>Los prebi\u00f3ticos son, por as\u00ed decirlo, el alimento de las bacterias buenas, es decir, nutrientes que sirven como alimento para los microbios probi\u00f3ticos. Se trata de sustancias no digeribles que sobreviven al est\u00f3mago y al intestino delgado para favorecer la funci\u00f3n intestinal natural en el intestino grueso. Lo mejor de los prebi\u00f3ticos es que solo favorecen las bacterias deseadas, pero no sirven como alimento para pat\u00f3genos ni bacterias no deseadas.<\/p>\n\n\n\n<p>Los probi\u00f3ticos, por otro lado, se usan principalmente como complementos alimenticios y est\u00e1n disponibles en forma de curas l\u00edquidas o c\u00e1psulas. Dado que hay cientos de cepas bacterianas diferentes, existen casi innumerables posibilidades de combinar los probi\u00f3ticos. Una cosa impera por encima de todo: las bacterias deben llegar vivas al intestino.<\/p>\n\n\n    <div id=\"product-compare-block_e7a376f26b2c30ec3afa498bcf6fee4f\" class=\"product-compare site-block\">\n        <div class=\"product-compare__wrap\">\n            <div class=\"product-compare__scroll\">\n                <table class=\"product-compare__table\">\n                    <colgroup>\n                        <col>\n                        <col style=\"width:40%\">\n                        <col style=\"width:40%\">\n                    <\/colgroup>\n                    <tr class=\"product-compare__media\">\n                        <td>&nbsp;<\/td>\n                        <td>\n                            <img loading=\"lazy\" decoding=\"async\" width=\"540\" height=\"540\" src=\"https:\/\/biomes.world\/wp-content\/uploads\/2018\/09\/Praebiotika-freigestellt.webp\" class=\"attachment-post-square size-post-square\" alt=\"Korb mit Obst und Gem\u00fcse gef\u00fcllt\" srcset=\"https:\/\/biomes.world\/wp-content\/uploads\/2018\/09\/Praebiotika-freigestellt.webp 540w, https:\/\/biomes.world\/wp-content\/uploads\/2018\/09\/Praebiotika-freigestellt-300x300.webp 300w, https:\/\/biomes.world\/wp-content\/uploads\/2018\/09\/Praebiotika-freigestellt-150x150.webp 150w, https:\/\/biomes.world\/wp-content\/uploads\/2018\/09\/Praebiotika-freigestellt-250x250.webp 250w, https:\/\/biomes.world\/wp-content\/uploads\/2018\/09\/Praebiotika-freigestellt-100x100.webp 100w, https:\/\/biomes.world\/wp-content\/uploads\/2018\/09\/Praebiotika-freigestellt-400x400.webp 400w\" sizes=\"auto, (max-width: 540px) 100vw, 540px\" \/>                        <\/td>\n                        <td>\n                            <img loading=\"lazy\" decoding=\"async\" width=\"540\" height=\"540\" src=\"https:\/\/biomes.world\/wp-content\/uploads\/2018\/09\/Probiotika-allgemeine-Dose-unlabeled.webp\" class=\"attachment-post-square size-post-square\" alt=\"\" srcset=\"https:\/\/biomes.world\/wp-content\/uploads\/2018\/09\/Probiotika-allgemeine-Dose-unlabeled.webp 540w, https:\/\/biomes.world\/wp-content\/uploads\/2018\/09\/Probiotika-allgemeine-Dose-unlabeled-300x300.webp 300w, https:\/\/biomes.world\/wp-content\/uploads\/2018\/09\/Probiotika-allgemeine-Dose-unlabeled-150x150.webp 150w, https:\/\/biomes.world\/wp-content\/uploads\/2018\/09\/Probiotika-allgemeine-Dose-unlabeled-250x250.webp 250w, https:\/\/biomes.world\/wp-content\/uploads\/2018\/09\/Probiotika-allgemeine-Dose-unlabeled-100x100.webp 100w, https:\/\/biomes.world\/wp-content\/uploads\/2018\/09\/Probiotika-allgemeine-Dose-unlabeled-400x400.webp 400w\" sizes=\"auto, (max-width: 540px) 100vw, 540px\" \/>                        <\/td>\n                    <\/tr>\n                    <tr class=\"product-compare__title\">\n                        <td>&nbsp;<\/td>\n                        <td>\n                            <h2>PREBI\u00d3TICOS<\/h2>                        <\/td>\n                        <td>\n                            <h2>PROBI\u00d3TICOS<\/h2>                        <\/td>\n                    <\/tr>\n                    <tr class=\"product-compare__row\"><th scope=\"row\">\u00bfQu\u00e9 es esto?<\/th><td style=\"z-index:5\"><div data-label=\"\u00bfQu\u00e9 es esto?\"><p><strong> Fibra no digerible<\/strong><\/p>\n<\/div><\/td><td style=\"z-index:5\"><div data-label=\"\u00bfQu\u00e9 es esto?\"><p><strong> Microorganismos vivos<\/strong><\/p>\n<\/div><\/td><\/tr><tr class=\"product-compare__row\"><th scope=\"row\">Efecto<\/th><td style=\"z-index:4\"><div data-label=\"Efecto\"><p>Estimulan la formaci\u00f3n de bacterias saludables<\/p>\n<\/div><\/td><td style=\"z-index:4\"><div data-label=\"Efecto\"><p>Reducen el pH en el intestino produciendo \u00e1cidos l\u00e1cticos<\/p>\n<\/div><\/td><\/tr><tr class=\"product-compare__row\"><th scope=\"row\">Ventajas<\/th><td style=\"z-index:3\"><div data-label=\"Ventajas\"><p>Impiden el desarrollo de productos metab\u00f3licos nocivos <\/p>\n<\/div><\/td><td style=\"z-index:3\"><div data-label=\"Ventajas\"><p>Estimulan el sistema inmunitario <\/p>\n<\/div><\/td><\/tr><tr class=\"product-compare__row\"><th scope=\"row\">Efecto sobre el microbioma<\/th><td style=\"z-index:2\"><div data-label=\"Efecto sobre el microbioma\"><p>Favorecen el crecimiento de microorganismos<\/p>\n<p>Favorecen la actividad de los microorganismos <\/p>\n<\/div><\/td><td style=\"z-index:2\"><div data-label=\"Efecto sobre el microbioma\"><p>Refuerzan la flora intestinal del cuerpo <\/p>\n<p>Colonizan nuevos cultivos saludable<\/p>\n<\/div><\/td><\/tr><tr class=\"product-compare__row\"><th scope=\"row\">Ocurrencia<\/th><td style=\"z-index:1\"><div data-label=\"Ocurrencia\"><p>Ingredientes de alimentos inulina y oligofructosa<\/p>\n<p>Presencia natural en bulbosas, esp\u00e1rragos, centeno, avena, pl\u00e1tano, ajo <\/p>\n<\/div><\/td><td style=\"z-index:1\"><div data-label=\"Ocurrencia\"><p>Est\u00e1n presentes en productos fermentados, por ejemplo, yogur natural, suero de leche, k\u00e9fir&#8230; <\/p>\n<p>Dosificaci\u00f3n especialmente efectiva y optimizada en los complementos alimenticios probi\u00f3ticos de BIOM.uniq<\/p>\n<\/div><\/td><\/tr>                    <tr class=\"product-compare__row\">\n                        <th scope=\"row\">\n                                                    <\/th>\n                        <td>\n                            <div data-label=\"\">\n                                                            <\/div>\n                        <\/td>\n                        <td>\n                            <div data-label=\"\">\n                                                            <\/div>\n                        <\/td>\n                    <\/tr>\n                <\/table>\n            <\/div>\n        <\/div>\n    <\/div>\n\n\n\n<h2 class=\"wp-block-heading\" id=\"h-complementos-alimenticios-probioticos-de-biomes\">Complementos alimenticios probi\u00f3ticos de BIOMES<\/h2>\n\n\n\n<p>Nuestros suplementos diet\u00e9ticos con probi\u00f3ticos son de alta calidad y contienen miles de millones de microbios naturales y reproductivos, y han sido cuidadosamente preparados y mezclados por los cient\u00edficos de <strong>BIOMES<\/strong> en base a los \u00faltimos descubrimientos cient\u00edficos.<\/p>\n\n\n\n<p>Los cultivos bacterianos se producen bajo las condiciones de calidad m\u00e1s altas en Alemania. Se pueden adquirir bajo la marca <strong>BIOM<\/strong>.uniq y se recomiendan en base a los resultados del an\u00e1lisis de la flora intestinal <a href=\"https:\/\/biomes-salued.es\"><strong>INTEST.<\/strong>pro<\/a>. Hay composiciones para las necesidades m\u00e1s diferentes \u2013 porque cada cepa bacteriana tiene su propio efecto en nuestra flora intestinal. Si se combinan los prebi\u00f3ticos y los probi\u00f3ticos, se habla de simbi\u00f3ticos.<\/p>\n\n\n    <div id=\"product-compare-block_175bb52e7509f3082b9bab24599a1638\" class=\"product-compare site-block\">\n        <div class=\"product-compare__wrap\">\n            <div class=\"product-compare__scroll\">\n                <table class=\"product-compare__table\">\n                    <colgroup>\n                        <col>\n                        <col style=\"width:40%\">\n                        <col style=\"width:40%\">\n                    <\/colgroup>\n                    <tr class=\"product-compare__media\">\n                        <td>&nbsp;<\/td>\n                        <td>\n                                                    <\/td>\n                        <td>\n                            <img loading=\"lazy\" decoding=\"async\" width=\"800\" height=\"800\" src=\"https:\/\/biomes.world\/wp-content\/uploads\/2021\/05\/Typ_Alpha_Nahrungsergaenzungsmittel_Productshot-1-800x800.png\" class=\"attachment-post-square size-post-square\" alt=\"Probiotisches Nahrungs&shy;erg\u00e4nzungs&shy;mittel Typ Alpha BIOMES\" srcset=\"https:\/\/biomes.world\/wp-content\/uploads\/2021\/05\/Typ_Alpha_Nahrungsergaenzungsmittel_Productshot-1-800x800.png 800w, https:\/\/biomes.world\/wp-content\/uploads\/2021\/05\/Typ_Alpha_Nahrungsergaenzungsmittel_Productshot-1-300x300.png 300w, https:\/\/biomes.world\/wp-content\/uploads\/2021\/05\/Typ_Alpha_Nahrungsergaenzungsmittel_Productshot-1-1024x1024.png 1024w, https:\/\/biomes.world\/wp-content\/uploads\/2021\/05\/Typ_Alpha_Nahrungsergaenzungsmittel_Productshot-1-150x150.png 150w, https:\/\/biomes.world\/wp-content\/uploads\/2021\/05\/Typ_Alpha_Nahrungsergaenzungsmittel_Productshot-1-768x768.png 768w, https:\/\/biomes.world\/wp-content\/uploads\/2021\/05\/Typ_Alpha_Nahrungsergaenzungsmittel_Productshot-1-1536x1536.png 1536w, https:\/\/biomes.world\/wp-content\/uploads\/2021\/05\/Typ_Alpha_Nahrungsergaenzungsmittel_Productshot-1-250x250.png 250w, https:\/\/biomes.world\/wp-content\/uploads\/2021\/05\/Typ_Alpha_Nahrungsergaenzungsmittel_Productshot-1-100x100.png 100w, https:\/\/biomes.world\/wp-content\/uploads\/2021\/05\/Typ_Alpha_Nahrungsergaenzungsmittel_Productshot-1-400x400.png 400w, https:\/\/biomes.world\/wp-content\/uploads\/2021\/05\/Typ_Alpha_Nahrungsergaenzungsmittel_Productshot-1.png 2000w\" sizes=\"auto, (max-width: 800px) 100vw, 800px\" \/>                        <\/td>\n                    <\/tr>\n                    <tr class=\"product-compare__title\">\n                        <td>&nbsp;<\/td>\n                        <td>\n                            <h2>Complementos probi\u00f3ticos habituales<\/h2>                        <\/td>\n                        <td>\n                            <h2>Complementos probi\u00f3ticos de BIOM.uniq<\/h2>                        <\/td>\n                    <\/tr>\n                    <tr class=\"product-compare__row\"><th scope=\"row\">Receta<\/th><td style=\"z-index:8\"><div data-label=\"Receta\"><p>Recetas est\u00e1ndar simples <\/p>\n<p>Efecto limitado con pocos cultivos diferentes <\/p>\n<\/div><\/td><td style=\"z-index:8\"><div data-label=\"Receta\"><p>Se basan en resultados de estudios cl\u00ednicos<\/p>\n<p>\u00abRecetas multiespec\u00edficas\u00bb con muchos cultivos diferentes <\/p>\n<\/div><\/td><\/tr><tr class=\"product-compare__row\"><th scope=\"row\">Dosis<\/th><td style=\"z-index:7\"><div data-label=\"Dosis\"><p>Dosis m\u00e1s bajas, que suelen permitir que los cultivos crezcan demasiado r\u00e1pido o lento <\/p>\n<\/div><\/td><td style=\"z-index:7\"><div data-label=\"Dosis\"><p>La dosis \u00f3ptima permite el crecimiento ideal de cultivos bacterianos <\/p>\n<\/div><\/td><\/tr><tr class=\"product-compare__row\"><th scope=\"row\">C\u00e1psulas<\/th><td style=\"z-index:6\"><div data-label=\"C\u00e1psulas\"><p>C\u00e1psula f\u00e1cilmente soluble, que no protege los cultivos del \u00e1cido del est\u00f3mago <\/p>\n<\/div><\/td><td style=\"z-index:6\"><div data-label=\"C\u00e1psulas\"><p>La c\u00e1psula de celulosa dura protege los cultivos vivos del \u00e1cido del est\u00f3mago<\/p>\n<\/div><\/td><\/tr><tr class=\"product-compare__row\"><th scope=\"row\">Distancia<\/th><td style=\"z-index:5\"><div data-label=\"Distancia\"><p>Surtido limitado <\/p>\n<\/div><\/td><td style=\"z-index:5\"><div data-label=\"Distancia\"><p>Optimizados para diferentes aplicaciones <\/p>\n<\/div><\/td><\/tr><tr class=\"product-compare__row\"><th scope=\"row\">Producci\u00f3n<\/th><td style=\"z-index:4\"><div data-label=\"Producci\u00f3n\"><p>Condiciones de producci\u00f3n poco claras <\/p>\n<\/div><\/td><td style=\"z-index:4\"><div data-label=\"Producci\u00f3n\"><p>Producidos en un laboratorio certificado <\/p>\n<\/div><\/td><\/tr><tr class=\"product-compare__row\"><th scope=\"row\">Almacenamiento y entrega<\/th><td style=\"z-index:3\"><div data-label=\"Almacenamiento y entrega\"><p>Requieren cadena de fr\u00edo ininterrumpida <\/p>\n<\/div><\/td><td style=\"z-index:3\"><div data-label=\"Almacenamiento y entrega\"><p>No requiere refrigeraci\u00f3n <\/p>\n<\/div><\/td><\/tr><tr class=\"product-compare__row\"><th scope=\"row\">\u00bfPara vegetarianos?<\/th><td style=\"z-index:2\"><div data-label=\"\u00bfPara vegetarianos?\"><p>A menudo contienen gelatina<\/p>\n<\/div><\/td><td style=\"z-index:2\"><div data-label=\"\u00bfPara vegetarianos?\"><p>Veganos, sin gluten y sin lactosa <\/p>\n<\/div><\/td><\/tr><tr class=\"product-compare__row\"><th scope=\"row\">Elementos adicionales<\/th><td style=\"z-index:1\"><div data-label=\"Elementos adicionales\"><p>Sin refuerzo adicional<\/p>\n<\/div><\/td><td style=\"z-index:1\"><div data-label=\"Elementos adicionales\"><p>Contienen minerales y vitaminas importantes adicionales <\/p>\n<\/div><\/td><\/tr>                    <tr class=\"product-compare__row\">\n                        <th scope=\"row\">\n                                                    <\/th>\n                        <td>\n                            <div data-label=\"\">\n                                                            <\/div>\n                        <\/td>\n                        <td>\n                            <div data-label=\"\">\n                                                            <\/div>\n                        <\/td>\n                    <\/tr>\n                <\/table>\n            <\/div>\n        <\/div>\n    <\/div>\n","protected":false},"excerpt":{"rendered":"<p>\u00bfQu\u00e9 son los probi\u00f3ticos y c\u00f3mo mejoran nuestro bienestar? El t\u00e9rmino \u00abprobi\u00f3tico\u00bb deriva del lat\u00edn y se compone de \u00abpro\u00bb, que significa \u00abpara\u00bb, y \u00abbios\u00bb, que significa \u00abvida\u00bb. Es decir, los probi\u00f3ticos favorecen la buena salud y el bienestar \u00bfQu\u00e9 son exactamente los probi\u00f3ticos? La Organizaci\u00f3n Mundial de la Salud (OMS) define los probi\u00f3ticos como [&#8230;]<\/p>\n","protected":false},"author":3168,"featured_media":504449,"comment_status":"closed","ping_status":"closed","sticky":false,"template":"","format":"standard","meta":{"_acf_changed":false,"footnotes":""},"categories":[2206,966],"tags":[2152],"class_list":["post-155676","post","type-post","status-publish","format-standard","has-post-thumbnail","hentry","category-intestino","category-salud-intestinal","tag-probiotika-es-2"],"acf":[],"yoast_head":"<!-- This site is optimized with the Yoast SEO plugin v27.4 - https:\/\/yoast.com\/product\/yoast-seo-wordpress\/ -->\n<title>Probi\u00f3ticos: aportan una flora intestinal sana, pero \u00bfc\u00f3mo?<\/title>\n<meta name=\"description\" content=\"El t\u00e9rmino &quot;probi\u00f3tico&quot; se compone de pro, es decir &#039;para&#039; y bios, es decir &#039;vida&#039;. Los probi\u00f3ticos promueven tu salud. \u00bfC\u00f3mo usarlos bien?\" \/>\n<meta name=\"robots\" content=\"index, follow, max-snippet:-1, max-image-preview:large, max-video-preview:-1\" \/>\n<link rel=\"canonical\" href=\"https:\/\/biomes.world\/es\/cosas-a-saber\/intestino\/salud-intestinal\/probioticos\/\" \/>\n<meta property=\"og:locale\" content=\"es_ES\" \/>\n<meta property=\"og:type\" content=\"article\" \/>\n<meta property=\"og:title\" content=\"Probi\u00f3ticos: aportan una flora intestinal sana, pero \u00bfc\u00f3mo?\" \/>\n<meta property=\"og:description\" content=\"El t\u00e9rmino &quot;probi\u00f3tico&quot; se compone de pro, es decir &#039;para&#039; y bios, es decir &#039;vida&#039;. Los probi\u00f3ticos promueven tu salud. \u00bfC\u00f3mo usarlos bien?\" \/>\n<meta property=\"og:url\" content=\"https:\/\/biomes.world\/es\/cosas-a-saber\/intestino\/salud-intestinal\/probioticos\/\" \/>\n<meta property=\"og:site_name\" content=\"BIOMES - Feel better\" \/>\n<meta property=\"article:publisher\" content=\"https:\/\/de-de.facebook.com\/BIOMES.world\/\" \/>\n<meta property=\"article:published_time\" content=\"2018-09-09T18:35:01+00:00\" \/>\n<meta property=\"article:modified_time\" content=\"2023-08-31T08:52:02+00:00\" \/>\n<meta property=\"og:image\" content=\"https:\/\/biomes.world\/wp-content\/uploads\/2021\/05\/Nahrungsergaenznugsmittel-Gruppe_bearbeitet.jpg\" \/>\n\t<meta property=\"og:image:width\" content=\"2000\" \/>\n\t<meta property=\"og:image:height\" content=\"1634\" \/>\n\t<meta property=\"og:image:type\" content=\"image\/jpeg\" \/>\n<meta name=\"author\" content=\"Dr. Paul Hammer\" \/>\n<meta name=\"twitter:card\" content=\"summary_large_image\" \/>\n<meta name=\"twitter:label1\" content=\"Escrito por\" \/>\n\t<meta name=\"twitter:data1\" content=\"Dr. Paul Hammer\" \/>\n\t<meta name=\"twitter:label2\" content=\"Tiempo de lectura\" \/>\n\t<meta name=\"twitter:data2\" content=\"3 minutos\" \/>\n<script type=\"application\/ld+json\" class=\"yoast-schema-graph\">{\"@context\":\"https:\\\/\\\/schema.org\",\"@graph\":[{\"@type\":\"Article\",\"@id\":\"https:\\\/\\\/biomes.world\\\/es\\\/cosas-a-saber\\\/intestino\\\/salud-intestinal\\\/probioticos\\\/#article\",\"isPartOf\":{\"@id\":\"https:\\\/\\\/biomes.world\\\/es\\\/cosas-a-saber\\\/intestino\\\/salud-intestinal\\\/probioticos\\\/\"},\"author\":{\"name\":\"Dr. Paul Hammer\",\"@id\":\"https:\\\/\\\/biomes.world\\\/es\\\/#\\\/schema\\\/person\\\/6ca9c5d1dd4da421e107092bf1235957\"},\"headline\":\"Probi\u00f3ticos\",\"datePublished\":\"2018-09-09T18:35:01+00:00\",\"dateModified\":\"2023-08-31T08:52:02+00:00\",\"mainEntityOfPage\":{\"@id\":\"https:\\\/\\\/biomes.world\\\/es\\\/cosas-a-saber\\\/intestino\\\/salud-intestinal\\\/probioticos\\\/\"},\"wordCount\":470,\"publisher\":{\"@id\":\"https:\\\/\\\/biomes.world\\\/es\\\/#organization\"},\"image\":{\"@id\":\"https:\\\/\\\/biomes.world\\\/es\\\/cosas-a-saber\\\/intestino\\\/salud-intestinal\\\/probioticos\\\/#primaryimage\"},\"thumbnailUrl\":\"https:\\\/\\\/biomes.world\\\/wp-content\\\/uploads\\\/2021\\\/05\\\/Nahrungsergaenznugsmittel-Gruppe_bearbeitet.jpg\",\"keywords\":[\"Probiotika\"],\"articleSection\":[\"Intestino\",\"Salud intestinal\"],\"inLanguage\":\"es\"},{\"@type\":\"WebPage\",\"@id\":\"https:\\\/\\\/biomes.world\\\/es\\\/cosas-a-saber\\\/intestino\\\/salud-intestinal\\\/probioticos\\\/\",\"url\":\"https:\\\/\\\/biomes.world\\\/es\\\/cosas-a-saber\\\/intestino\\\/salud-intestinal\\\/probioticos\\\/\",\"name\":\"Probi\u00f3ticos: aportan una flora intestinal sana, pero \u00bfc\u00f3mo?\",\"isPartOf\":{\"@id\":\"https:\\\/\\\/biomes.world\\\/es\\\/#website\"},\"primaryImageOfPage\":{\"@id\":\"https:\\\/\\\/biomes.world\\\/es\\\/cosas-a-saber\\\/intestino\\\/salud-intestinal\\\/probioticos\\\/#primaryimage\"},\"image\":{\"@id\":\"https:\\\/\\\/biomes.world\\\/es\\\/cosas-a-saber\\\/intestino\\\/salud-intestinal\\\/probioticos\\\/#primaryimage\"},\"thumbnailUrl\":\"https:\\\/\\\/biomes.world\\\/wp-content\\\/uploads\\\/2021\\\/05\\\/Nahrungsergaenznugsmittel-Gruppe_bearbeitet.jpg\",\"datePublished\":\"2018-09-09T18:35:01+00:00\",\"dateModified\":\"2023-08-31T08:52:02+00:00\",\"description\":\"El t\u00e9rmino \\\"probi\u00f3tico\\\" se compone de pro, es decir 'para' y bios, es decir 'vida'. Los probi\u00f3ticos promueven tu salud. \u00bfC\u00f3mo usarlos bien?\",\"breadcrumb\":{\"@id\":\"https:\\\/\\\/biomes.world\\\/es\\\/cosas-a-saber\\\/intestino\\\/salud-intestinal\\\/probioticos\\\/#breadcrumb\"},\"inLanguage\":\"es\",\"potentialAction\":[{\"@type\":\"ReadAction\",\"target\":[\"https:\\\/\\\/biomes.world\\\/es\\\/cosas-a-saber\\\/intestino\\\/salud-intestinal\\\/probioticos\\\/\"]}]},{\"@type\":\"ImageObject\",\"inLanguage\":\"es\",\"@id\":\"https:\\\/\\\/biomes.world\\\/es\\\/cosas-a-saber\\\/intestino\\\/salud-intestinal\\\/probioticos\\\/#primaryimage\",\"url\":\"https:\\\/\\\/biomes.world\\\/wp-content\\\/uploads\\\/2021\\\/05\\\/Nahrungsergaenznugsmittel-Gruppe_bearbeitet.jpg\",\"contentUrl\":\"https:\\\/\\\/biomes.world\\\/wp-content\\\/uploads\\\/2021\\\/05\\\/Nahrungsergaenznugsmittel-Gruppe_bearbeitet.jpg\",\"width\":2000,\"height\":1634,\"caption\":\"Latas de alimentos probi\u00f3ticos todo el surtido y oferta Alternativa 2\"},{\"@type\":\"BreadcrumbList\",\"@id\":\"https:\\\/\\\/biomes.world\\\/es\\\/cosas-a-saber\\\/intestino\\\/salud-intestinal\\\/probioticos\\\/#breadcrumb\",\"itemListElement\":[{\"@type\":\"ListItem\",\"position\":1,\"name\":\"Home\",\"item\":\"https:\\\/\\\/biomes.world\\\/es\\\/\"},{\"@type\":\"ListItem\",\"position\":2,\"name\":\"Probi\u00f3ticos\"}]},{\"@type\":\"WebSite\",\"@id\":\"https:\\\/\\\/biomes.world\\\/es\\\/#website\",\"url\":\"https:\\\/\\\/biomes.world\\\/es\\\/\",\"name\":\"BIOMES - Feel better\",\"description\":\"Cutting-edge biotechnology used to help people\",\"publisher\":{\"@id\":\"https:\\\/\\\/biomes.world\\\/es\\\/#organization\"},\"potentialAction\":[{\"@type\":\"SearchAction\",\"target\":{\"@type\":\"EntryPoint\",\"urlTemplate\":\"https:\\\/\\\/biomes.world\\\/es\\\/?s={search_term_string}\"},\"query-input\":{\"@type\":\"PropertyValueSpecification\",\"valueRequired\":true,\"valueName\":\"search_term_string\"}}],\"inLanguage\":\"es\"},{\"@type\":\"Organization\",\"@id\":\"https:\\\/\\\/biomes.world\\\/es\\\/#organization\",\"name\":\"BIOMES 4.0 GmbH\",\"url\":\"https:\\\/\\\/biomes.world\\\/es\\\/\",\"logo\":{\"@type\":\"ImageObject\",\"inLanguage\":\"es\",\"@id\":\"https:\\\/\\\/biomes.world\\\/es\\\/#\\\/schema\\\/logo\\\/image\\\/\",\"url\":\"https:\\\/\\\/biomes.world\\\/http:\\\/\\\/biomes.world\\\/wp-content\\\/uploads\\\/2024\\\/04\\\/biomes_logo_2021_RGB.png\",\"contentUrl\":\"https:\\\/\\\/biomes.world\\\/http:\\\/\\\/biomes.world\\\/wp-content\\\/uploads\\\/2024\\\/04\\\/biomes_logo_2021_RGB.png\",\"width\":10040,\"height\":2599,\"caption\":\"BIOMES 4.0 GmbH\"},\"image\":{\"@id\":\"https:\\\/\\\/biomes.world\\\/es\\\/#\\\/schema\\\/logo\\\/image\\\/\"},\"sameAs\":[\"https:\\\/\\\/de-de.facebook.com\\\/BIOMES.world\\\/\",\"https:\\\/\\\/www.youtube.com\\\/@BIOMESworld\",\"https:\\\/\\\/www.instagram.com\\\/biomes_official\\\/\"]},{\"@type\":\"Person\",\"@id\":\"https:\\\/\\\/biomes.world\\\/es\\\/#\\\/schema\\\/person\\\/6ca9c5d1dd4da421e107092bf1235957\",\"name\":\"Dr. Paul Hammer\",\"image\":{\"@type\":\"ImageObject\",\"inLanguage\":\"es\",\"@id\":\"https:\\\/\\\/secure.gravatar.com\\\/avatar\\\/7b9ca6439b8f81c0c7fdfcce69b1ac9671bb451f6222e3fdad8a5d69827081a7?s=96&d=mm&r=g\",\"url\":\"https:\\\/\\\/secure.gravatar.com\\\/avatar\\\/7b9ca6439b8f81c0c7fdfcce69b1ac9671bb451f6222e3fdad8a5d69827081a7?s=96&d=mm&r=g\",\"contentUrl\":\"https:\\\/\\\/secure.gravatar.com\\\/avatar\\\/7b9ca6439b8f81c0c7fdfcce69b1ac9671bb451f6222e3fdad8a5d69827081a7?s=96&d=mm&r=g\",\"caption\":\"Dr. Paul Hammer\"},\"description\":\"Dr. Paul Hammer ist Gr\u00fcnder und CEO der BIOMES 4.0 GmbH. Paul promovierte 2012 in Systembiologie und Bioinformatik.\",\"url\":\"https:\\\/\\\/biomes.world\\\/es\\\/author\\\/paul_hammer\\\/\"}]}<\/script>\n<!-- \/ Yoast SEO plugin. -->","yoast_head_json":{"title":"Probi\u00f3ticos: aportan una flora intestinal sana, pero \u00bfc\u00f3mo?","description":"El t\u00e9rmino \"probi\u00f3tico\" se compone de pro, es decir 'para' y bios, es decir 'vida'. Los probi\u00f3ticos promueven tu salud. \u00bfC\u00f3mo usarlos bien?","robots":{"index":"index","follow":"follow","max-snippet":"max-snippet:-1","max-image-preview":"max-image-preview:large","max-video-preview":"max-video-preview:-1"},"canonical":"https:\/\/biomes.world\/es\/cosas-a-saber\/intestino\/salud-intestinal\/probioticos\/","og_locale":"es_ES","og_type":"article","og_title":"Probi\u00f3ticos: aportan una flora intestinal sana, pero \u00bfc\u00f3mo?","og_description":"El t\u00e9rmino \"probi\u00f3tico\" se compone de pro, es decir 'para' y bios, es decir 'vida'. Los probi\u00f3ticos promueven tu salud. \u00bfC\u00f3mo usarlos bien?","og_url":"https:\/\/biomes.world\/es\/cosas-a-saber\/intestino\/salud-intestinal\/probioticos\/","og_site_name":"BIOMES - Feel better","article_publisher":"https:\/\/de-de.facebook.com\/BIOMES.world\/","article_published_time":"2018-09-09T18:35:01+00:00","article_modified_time":"2023-08-31T08:52:02+00:00","og_image":[{"width":2000,"height":1634,"url":"https:\/\/biomes.world\/wp-content\/uploads\/2021\/05\/Nahrungsergaenznugsmittel-Gruppe_bearbeitet.jpg","type":"image\/jpeg"}],"author":"Dr. Paul Hammer","twitter_card":"summary_large_image","twitter_misc":{"Escrito por":"Dr. Paul Hammer","Tiempo de lectura":"3 minutos"},"schema":{"@context":"https:\/\/schema.org","@graph":[{"@type":"Article","@id":"https:\/\/biomes.world\/es\/cosas-a-saber\/intestino\/salud-intestinal\/probioticos\/#article","isPartOf":{"@id":"https:\/\/biomes.world\/es\/cosas-a-saber\/intestino\/salud-intestinal\/probioticos\/"},"author":{"name":"Dr. Paul Hammer","@id":"https:\/\/biomes.world\/es\/#\/schema\/person\/6ca9c5d1dd4da421e107092bf1235957"},"headline":"Probi\u00f3ticos","datePublished":"2018-09-09T18:35:01+00:00","dateModified":"2023-08-31T08:52:02+00:00","mainEntityOfPage":{"@id":"https:\/\/biomes.world\/es\/cosas-a-saber\/intestino\/salud-intestinal\/probioticos\/"},"wordCount":470,"publisher":{"@id":"https:\/\/biomes.world\/es\/#organization"},"image":{"@id":"https:\/\/biomes.world\/es\/cosas-a-saber\/intestino\/salud-intestinal\/probioticos\/#primaryimage"},"thumbnailUrl":"https:\/\/biomes.world\/wp-content\/uploads\/2021\/05\/Nahrungsergaenznugsmittel-Gruppe_bearbeitet.jpg","keywords":["Probiotika"],"articleSection":["Intestino","Salud intestinal"],"inLanguage":"es"},{"@type":"WebPage","@id":"https:\/\/biomes.world\/es\/cosas-a-saber\/intestino\/salud-intestinal\/probioticos\/","url":"https:\/\/biomes.world\/es\/cosas-a-saber\/intestino\/salud-intestinal\/probioticos\/","name":"Probi\u00f3ticos: aportan una flora intestinal sana, pero \u00bfc\u00f3mo?","isPartOf":{"@id":"https:\/\/biomes.world\/es\/#website"},"primaryImageOfPage":{"@id":"https:\/\/biomes.world\/es\/cosas-a-saber\/intestino\/salud-intestinal\/probioticos\/#primaryimage"},"image":{"@id":"https:\/\/biomes.world\/es\/cosas-a-saber\/intestino\/salud-intestinal\/probioticos\/#primaryimage"},"thumbnailUrl":"https:\/\/biomes.world\/wp-content\/uploads\/2021\/05\/Nahrungsergaenznugsmittel-Gruppe_bearbeitet.jpg","datePublished":"2018-09-09T18:35:01+00:00","dateModified":"2023-08-31T08:52:02+00:00","description":"El t\u00e9rmino \"probi\u00f3tico\" se compone de pro, es decir 'para' y bios, es decir 'vida'. Los probi\u00f3ticos promueven tu salud. \u00bfC\u00f3mo usarlos bien?","breadcrumb":{"@id":"https:\/\/biomes.world\/es\/cosas-a-saber\/intestino\/salud-intestinal\/probioticos\/#breadcrumb"},"inLanguage":"es","potentialAction":[{"@type":"ReadAction","target":["https:\/\/biomes.world\/es\/cosas-a-saber\/intestino\/salud-intestinal\/probioticos\/"]}]},{"@type":"ImageObject","inLanguage":"es","@id":"https:\/\/biomes.world\/es\/cosas-a-saber\/intestino\/salud-intestinal\/probioticos\/#primaryimage","url":"https:\/\/biomes.world\/wp-content\/uploads\/2021\/05\/Nahrungsergaenznugsmittel-Gruppe_bearbeitet.jpg","contentUrl":"https:\/\/biomes.world\/wp-content\/uploads\/2021\/05\/Nahrungsergaenznugsmittel-Gruppe_bearbeitet.jpg","width":2000,"height":1634,"caption":"Latas de alimentos probi\u00f3ticos todo el surtido y oferta Alternativa 2"},{"@type":"BreadcrumbList","@id":"https:\/\/biomes.world\/es\/cosas-a-saber\/intestino\/salud-intestinal\/probioticos\/#breadcrumb","itemListElement":[{"@type":"ListItem","position":1,"name":"Home","item":"https:\/\/biomes.world\/es\/"},{"@type":"ListItem","position":2,"name":"Probi\u00f3ticos"}]},{"@type":"WebSite","@id":"https:\/\/biomes.world\/es\/#website","url":"https:\/\/biomes.world\/es\/","name":"BIOMES - Feel better","description":"Cutting-edge biotechnology used to help people","publisher":{"@id":"https:\/\/biomes.world\/es\/#organization"},"potentialAction":[{"@type":"SearchAction","target":{"@type":"EntryPoint","urlTemplate":"https:\/\/biomes.world\/es\/?s={search_term_string}"},"query-input":{"@type":"PropertyValueSpecification","valueRequired":true,"valueName":"search_term_string"}}],"inLanguage":"es"},{"@type":"Organization","@id":"https:\/\/biomes.world\/es\/#organization","name":"BIOMES 4.0 GmbH","url":"https:\/\/biomes.world\/es\/","logo":{"@type":"ImageObject","inLanguage":"es","@id":"https:\/\/biomes.world\/es\/#\/schema\/logo\/image\/","url":"https:\/\/biomes.world\/http:\/\/biomes.world\/wp-content\/uploads\/2024\/04\/biomes_logo_2021_RGB.png","contentUrl":"https:\/\/biomes.world\/http:\/\/biomes.world\/wp-content\/uploads\/2024\/04\/biomes_logo_2021_RGB.png","width":10040,"height":2599,"caption":"BIOMES 4.0 GmbH"},"image":{"@id":"https:\/\/biomes.world\/es\/#\/schema\/logo\/image\/"},"sameAs":["https:\/\/de-de.facebook.com\/BIOMES.world\/","https:\/\/www.youtube.com\/@BIOMESworld","https:\/\/www.instagram.com\/biomes_official\/"]},{"@type":"Person","@id":"https:\/\/biomes.world\/es\/#\/schema\/person\/6ca9c5d1dd4da421e107092bf1235957","name":"Dr. Paul Hammer","image":{"@type":"ImageObject","inLanguage":"es","@id":"https:\/\/secure.gravatar.com\/avatar\/7b9ca6439b8f81c0c7fdfcce69b1ac9671bb451f6222e3fdad8a5d69827081a7?s=96&d=mm&r=g","url":"https:\/\/secure.gravatar.com\/avatar\/7b9ca6439b8f81c0c7fdfcce69b1ac9671bb451f6222e3fdad8a5d69827081a7?s=96&d=mm&r=g","contentUrl":"https:\/\/secure.gravatar.com\/avatar\/7b9ca6439b8f81c0c7fdfcce69b1ac9671bb451f6222e3fdad8a5d69827081a7?s=96&d=mm&r=g","caption":"Dr. Paul Hammer"},"description":"Dr. Paul Hammer ist Gr\u00fcnder und CEO der BIOMES 4.0 GmbH. Paul promovierte 2012 in Systembiologie und Bioinformatik.","url":"https:\/\/biomes.world\/es\/author\/paul_hammer\/"}]}},"_links":{"self":[{"href":"https:\/\/biomes.world\/es\/wp-json\/wp\/v2\/posts\/155676","targetHints":{"allow":["GET"]}}],"collection":[{"href":"https:\/\/biomes.world\/es\/wp-json\/wp\/v2\/posts"}],"about":[{"href":"https:\/\/biomes.world\/es\/wp-json\/wp\/v2\/types\/post"}],"author":[{"embeddable":true,"href":"https:\/\/biomes.world\/es\/wp-json\/wp\/v2\/users\/3168"}],"replies":[{"embeddable":true,"href":"https:\/\/biomes.world\/es\/wp-json\/wp\/v2\/comments?post=155676"}],"version-history":[{"count":2,"href":"https:\/\/biomes.world\/es\/wp-json\/wp\/v2\/posts\/155676\/revisions"}],"predecessor-version":[{"id":622883,"href":"https:\/\/biomes.world\/es\/wp-json\/wp\/v2\/posts\/155676\/revisions\/622883"}],"wp:featuredmedia":[{"embeddable":true,"href":"https:\/\/biomes.world\/es\/wp-json\/wp\/v2\/media\/504449"}],"wp:attachment":[{"href":"https:\/\/biomes.world\/es\/wp-json\/wp\/v2\/media?parent=155676"}],"wp:term":[{"taxonomy":"category","embeddable":true,"href":"https:\/\/biomes.world\/es\/wp-json\/wp\/v2\/categories?post=155676"},{"taxonomy":"post_tag","embeddable":true,"href":"https:\/\/biomes.world\/es\/wp-json\/wp\/v2\/tags?post=155676"}],"curies":[{"name":"wp","href":"https:\/\/api.w.org\/{rel}","templated":true}]}}