{"id":632824,"date":"2024-08-09T15:02:10","date_gmt":"2024-08-09T13:02:10","guid":{"rendered":"http:\/\/biomes.world\/?p=632824"},"modified":"2024-08-09T15:02:16","modified_gmt":"2024-08-09T13:02:16","slug":"5-saisonale-lebensmittel-im-september-leckere-und-gesunde-rezeptideen","status":"publish","type":"post","link":"https:\/\/biomes.world\/de\/wissenswertes\/ernaehrung\/5-saisonale-lebensmittel-im-september-leckere-und-gesunde-rezeptideen\/","title":{"rendered":"5 Saisonale Lebensmittel im September: Leckere und gesunde Rezeptideen"},"content":{"rendered":"    <ul>\n            <\/ul>\n\n\n    <section class=\"variable_content\">\n        \n\n<p>Der September markiert den \u00dcbergang vom Sommer zum Herbst und bringt eine besondere Atmosph\u00e4re mit sich. Die Tage werden k\u00fcrzer, die Temperaturen k\u00fchler, und die Natur zeigt sich in den ersten warmen Herbstfarben. Diese Zeit des Jahres ist nicht nur ideal f\u00fcr lange Spazierg\u00e4nge durch bunt gef\u00e4rbte W\u00e4lder, sondern auch f\u00fcr die Ernte von frischem, saisonalem Gem\u00fcse und Obst. Der September h\u00e4lt eine reiche Auswahl an Lebensmitteln bereit, die ihren H\u00f6hepunkt an Geschmack und N\u00e4hrstoffen erreichen.<\/p>\n\n\n\n<p>Dieser Monat ist gepr\u00e4gt von einer F\u00fclle an frischen Produkten, die nicht nur k\u00f6stlich, sondern auch besonders n\u00e4hrstoffreich sind. W\u00e4hrend die letzten Sommerfr\u00fcchte geerntet werden, kommen nun die kr\u00e4ftigen, erdigen Aromen des Herbstes zum Vorschein. In diesem Artikel m\u00f6chten wir f\u00fcnf der besten saisonalen Lebensmittel im September vorstellen: <strong>\u00c4pfel, Brokkoli, Kartoffeln, K\u00fcrbis<\/strong> und <strong>Rote Bete<\/strong>. Diese Zutaten sind nicht nur gesund, sondern auch \u00e4u\u00dferst vielseitig in der K\u00fcche einsetzbar. Um die Vielfalt dieser Lebensmittel zu zeigen, haben wir drei leckere Rezepte vorbereitet, die den Geschmack und die N\u00e4hrstoffe dieser September-Sch\u00e4tze perfekt zur Geltung bringen.<\/p>\n\n    <\/section>\n\n\n<section class=\"content_table\">\n    <div>\n        <h2 id='table_of_contents'>Inhaltsverzeichnis<\/h2>\n        <ol>\n             <li><a href=\"#h-die-top-5-saisonalen-lebensmittel-im-september\">Die Top 5 saisonalen Lebensmittel im September&nbsp;<\/a><\/li>  <li><a href=\"#h-brokkoli-kartoffel-auflauf\">Brokkoli-Kartoffel-Auflauf&nbsp;<\/a><\/li>  <li><a href=\"#h-gebratene-kurbisscheiben-mit-apfel-dip\">Gebratene K\u00fcrbisscheiben mit Apfel-Dip&nbsp;<\/a><\/li>  <li><a href=\"#h-rote-bete-salat-mit-apfeln-und-walnussen\">Rote Bete-Salat mit \u00c4pfeln und Waln\u00fcssen&nbsp;<\/a><\/li>  <li><a href=\"#h-fazit-unserer-gesunden-septemberrezepte-fur-den-darm\">Fazit unserer gesunden Septemberrezepte f\u00fcr den Darm&nbsp;<\/a><\/li> \n        <\/ol>\n    <\/div>\n<\/section>\n\n\n\n<h2 class=\"wp-block-heading\" id=\"h-die-top-5-saisonalen-lebensmittel-im-september\">Die Top 5 saisonalen Lebensmittel im September<\/h2>\n\n\n\n<h3 class=\"wp-block-heading\">1. \u00c4pfel<\/h3>\n\n\n\n<p>\u00c4pfel geh\u00f6ren im September zu den beliebtesten Obstsorten. Sie sind reich an Ballaststoffen, Vitamin C und Antioxidantien, die das Immunsystem st\u00e4rken und die Verdauung unterst\u00fctzen. Mit ihrer nat\u00fcrlichen S\u00fc\u00dfe und ihrem knackigen Biss sind \u00c4pfel ideal f\u00fcr s\u00fc\u00dfe und herzhafte Gerichte.<\/p>\n\n\n\n<h3 class=\"wp-block-heading\">2. Brokkoli<\/h3>\n\n\n\n<p>Brokkoli ist ein echtes Superfood. Er ist reich an Vitamin C, Vitamin K und Ballaststoffen, die die Darmgesundheit f\u00f6rdern. Zudem enth\u00e4lt Brokkoli sekund\u00e4re Pflanzenstoffe, die entz\u00fcndungshemmend wirken k\u00f6nnen. Ob ged\u00e4mpft, gebraten oder roh \u2013 Brokkoli passt zu vielen Gerichten.<\/p>\n\n\n\n<h3 class=\"wp-block-heading\">3. Kartoffeln<\/h3>\n\n\n\n<p>Kartoffeln sind ein Grundnahrungsmittel und im September in ihrer besten Form. Sie sind eine gute Quelle f\u00fcr Kalium, Vitamin C und Ballaststoffe. Zudem sind sie sehr s\u00e4ttigend und vielseitig einsetzbar, von einfachen Beilagen bis hin zu herzhaften Hauptgerichten.<\/p>\n\n\n\n<h3 class=\"wp-block-heading\">4. K\u00fcrbis<\/h3>\n\n\n\n<p>K\u00fcrbis ist das Herbstgem\u00fcse schlechthin. Besonders der Hokkaido-K\u00fcrbis ist reich an Beta-Carotin, das im K\u00f6rper zu Vitamin A umgewandelt wird und die Augen- und Hautgesundheit f\u00f6rdert. K\u00fcrbis ist au\u00dferdem kalorienarm und perfekt f\u00fcr Suppen, Aufl\u00e4ufe oder als Beilage.<\/p>\n\n\n\n<h3 class=\"wp-block-heading\">5. Rote Bete<\/h3>\n\n\n\n<p>Rote Bete ist ein farbenfrohes und n\u00e4hrstoffreiches Gem\u00fcse, das im September geerntet wird. Sie enth\u00e4lt Fols\u00e4ure, Eisen und Betain, das die Leberfunktion unterst\u00fctzt und entz\u00fcndungshemmend wirkt. Die erdige S\u00fc\u00dfe der Roten Bete macht sie ideal f\u00fcr Salate, Suppen und S\u00e4fte.<\/p>\n\n\n    <section class=\"variable_content\">\n        \n\n<h1 class=\"wp-block-heading\" id=\"h-drei-kostliche-rezepte-mit-saisonalen-zutaten\">Drei k\u00f6stliche Rezepte mit saisonalen Zutaten<\/h1>\n\n\n\n<h2 class=\"wp-block-heading\" id=\"h-brokkoli-kartoffel-auflauf\">Brokkoli-Kartoffel-Auflauf<\/h2>\n\n\n\n<figure class=\"wp-block-image size-large is-resized\"><img loading=\"lazy\" decoding=\"async\" width=\"1024\" height=\"576\" src=\"https:\/\/biomes.world\/http:\/\/biomes.world\/wp-content\/uploads\/2024\/08\/Untitled-design-3-1024x576.jpg\" alt=\"\" class=\"wp-image-632830\" style=\"width:830px;height:auto\" srcset=\"https:\/\/biomes.world\/wp-content\/uploads\/2024\/08\/Untitled-design-3-1024x576.jpg 1024w, https:\/\/biomes.world\/wp-content\/uploads\/2024\/08\/Untitled-design-3-300x169.jpg 300w, https:\/\/biomes.world\/wp-content\/uploads\/2024\/08\/Untitled-design-3-768x432.jpg 768w, https:\/\/biomes.world\/wp-content\/uploads\/2024\/08\/Untitled-design-3-1536x864.jpg 1536w, https:\/\/biomes.world\/wp-content\/uploads\/2024\/08\/Untitled-design-3-2048x1152.jpg 2048w, https:\/\/biomes.world\/wp-content\/uploads\/2024\/08\/Untitled-design-3-250x141.jpg 250w\" sizes=\"auto, (max-width: 1024px) 100vw, 1024px\" \/><\/figure>\n\n\n\n<p><strong>Zutaten: <\/strong><\/p>\n\n\n    <ul>\n                                            <li class=\"list-marker\">500 g Brokkoli\n<\/li>\n                                    <li class=\"list-marker\">500g Kartoffeln\n<\/li>\n                                    <li class=\"list-marker\">200 g Schafsk\u00e4se\n<\/li>\n                                    <li class=\"list-marker\">200 ml Sahne\n<\/li>\n                                    <li class=\"list-marker\">2 Eier\n<\/li>\n                                    <li class=\"list-marker\">1 Zwiebel\n<\/li>\n                                    <li class=\"list-marker\">1 El Oliven\u00f6l\n<\/li>\n                                    <li class=\"list-marker\">Salz, Pfeffer und Muskatnuss nach Geschmack\n<\/li>\n                                <\/ul>\n\n\n\n<p><strong>Zubereitung:<\/strong><\/p>\n\n\n\n<p>1. Brokkoli in R\u00f6schen teilen und in kochendem Wasser kurz blanchieren, dann abtropfen lassen.<\/p>\n\n\n\n<p>2. Kartoffeln sch\u00e4len und in d\u00fcnne Scheiben schneiden.<\/p>\n\n\n\n<p>3. Zwiebel fein w\u00fcrfeln und in Oliven\u00f6l glasig d\u00fcnsten.<\/p>\n\n\n\n<p>4. Sahne, Eier, Salz, Pfeffer und eine Prise Muskatnuss in einer Sch\u00fcssel verquirlen.<\/p>\n\n\n\n<p>5. Eine Auflaufform mit Oliven\u00f6l einfetten, Kartoffelscheiben und Brokkoli abwechselnd schichten. Zwischendurch die Zwiebelw\u00fcrfel hinzuf\u00fcgen.<\/p>\n\n\n\n<p>6. Die Sahne-Ei-Mischung \u00fcber das Gem\u00fcse gie\u00dfen und mit zerbr\u00f6ckeltem Schafsk\u00e4se bestreuen.<\/p>\n\n\n\n<p>7. Bei 180\u00b0C ca. 30-40 Minuten backen, bis der Auflauf goldbraun ist.<\/p>\n\n    <\/section>\n\n\n    <section class=\"variable_content\">\n        \n\n<h2 class=\"wp-block-heading\" id=\"h-gebratene-kurbisscheiben-mit-apfel-dip\">Gebratene K\u00fcrbisscheiben mit Apfel-Dip<\/h2>\n\n\n\n<p><strong>Zutaten:<\/strong><\/p>\n\n\n    <ul>\n                                            <li class=\"list-marker\">\n\n1 kleiner Hokkaido-K\u00fcrbis\n<\/li>\n                                    <li class=\"list-marker\">2 \u00c4pfel\n<\/li>\n                                    <li class=\"list-marker\">200 g fettarmer Naturjoghurt\n<\/li>\n                                    <li class=\"list-marker\">1 EL Honig\n<\/li>\n                                    <li class=\"list-marker\">1 TL Zimt\n<\/li>\n                                    <li class=\"list-marker\">2 EL Oliven\u00f6l\n<\/li>\n                                    <li class=\"list-marker\">Salz und Pfeffer nach Geschmack\n<\/li>\n                                <\/ul>\n\n\n\n<p><strong>Zubereitung:<\/strong><\/p>\n\n\n\n<p>1. Den K\u00fcrbis waschen, entkernen und in d\u00fcnne Scheiben schneiden. Die Schale des Hokkaido-K\u00fcrbisses kann mitgegessen werden.<\/p>\n\n\n\n<p>2. Die K\u00fcrbisscheiben mit Oliven\u00f6l bestreichen und mit Salz und Pfeffer w\u00fcrzen. Auf ein Backblech legen und bei 200\u00b0C ca. 20-25 Minuten backen, bis sie weich und leicht gebr\u00e4unt sind.<\/p>\n\n\n\n<p>3. W\u00e4hrend der K\u00fcrbis im Ofen ist, die \u00c4pfel sch\u00e4len, entkernen und fein reiben.<\/p>\n\n\n\n<p>4. Den geriebenen Apfel mit Naturjoghurt, Honig und Zimt mischen.<\/p>\n\n\n\n<p>5. Die gebackenen K\u00fcrbisscheiben mit dem Apfel-Dip servieren.<\/p>\n\n\n\n<p><\/p>\n\n\n\n<h2 class=\"wp-block-heading\" id=\"h-rote-bete-salat-mit-apfeln-und-walnussen\">Rote Bete-Salat mit \u00c4pfeln und Waln\u00fcssen<\/h2>\n\n\n\n<figure class=\"wp-block-image size-large\"><img loading=\"lazy\" decoding=\"async\" width=\"1024\" height=\"576\" src=\"https:\/\/biomes.world\/http:\/\/biomes.world\/wp-content\/uploads\/2024\/08\/Heading-1024x576.jpg\" alt=\"\" class=\"wp-image-632835\" srcset=\"https:\/\/biomes.world\/wp-content\/uploads\/2024\/08\/Heading-1024x576.jpg 1024w, https:\/\/biomes.world\/wp-content\/uploads\/2024\/08\/Heading-300x169.jpg 300w, https:\/\/biomes.world\/wp-content\/uploads\/2024\/08\/Heading-768x432.jpg 768w, https:\/\/biomes.world\/wp-content\/uploads\/2024\/08\/Heading-1536x864.jpg 1536w, https:\/\/biomes.world\/wp-content\/uploads\/2024\/08\/Heading-2048x1152.jpg 2048w, https:\/\/biomes.world\/wp-content\/uploads\/2024\/08\/Heading-250x141.jpg 250w\" sizes=\"auto, (max-width: 1024px) 100vw, 1024px\" \/><\/figure>\n\n\n\n<p><strong>Zutaten:<\/strong><\/p>\n\n\n    <ul>\n                                            <li class=\"list-marker\">2 rote Beten\n<\/li>\n                                    <li class=\"list-marker\">2 \u00c4pfel\n<\/li>\n                                    <li class=\"list-marker\">50 g Waln\u00fcsse\n<\/li>\n                                    <li class=\"list-marker\">2 EL Apfelessig\n<\/li>\n                                    <li class=\"list-marker\">1 TL Honig\n<\/li>\n                                    <li class=\"list-marker\">3 EL Oliven\u00f6l\n<\/li>\n                                    <li class=\"list-marker\">200g Gem\u00fcsebr\u00fche\n<\/li>\n                                    <li class=\"list-marker\">Salz &amp; Pfeffer\n<\/li>\n                                    <li class=\"list-marker\">Frische Petersilie zum Garnieren\n<\/li>\n                                <\/ul>\n\n\n\n<p><strong>Zubereitung:<\/strong><\/p>\n\n\n\n<p>1. Rote Bete waschen und in einem Topf mit Wasser ca. 30-40 Minuten kochen, bis sie weich sind. Abk\u00fchlen lassen, sch\u00e4len und in d\u00fcnne Scheiben schneiden.<\/p>\n\n\n\n<p>2. \u00c4pfel waschen, entkernen und in d\u00fcnne Scheiben schneiden.<\/p>\n\n\n\n<p>3. Waln\u00fcsse grob hacken und in einer Pfanne ohne Fett leicht r\u00f6sten.<\/p>\n\n\n\n<p>4. In einer Sch\u00fcssel Apfelessig, Oliven\u00f6l, Honig, Salz und Pfeffer zu einem Dressing verr\u00fchren.<\/p>\n\n\n\n<p>5. Rote Bete und Apfelscheiben in einer Sch\u00fcssel mischen, mit dem Dressing \u00fcbergie\u00dfen und gut vermengen.<\/p>\n\n\n\n<p>6. Mit Waln\u00fcssen und frisch gehackter Petersilie garnieren und servieren.<\/p>\n\n    <\/section>\n\n\n\n<h2 class=\"wp-block-heading\" id=\"h-fazit-unserer-gesunden-septemberrezepte-fur-den-darm\">Fazit unserer gesunden Septemberrezepte f\u00fcr den Darm<\/h2>\n\n\n\n<p>Der September ist der perfekte Monat, um die F\u00fclle der Natur zu genie\u00dfen und den \u00dcbergang in den Herbst kulinarisch zu feiern. Mit seiner reichen Auswahl an frischen, saisonalen Lebensmitteln bietet er uns die Gelegenheit, die letzten Sommerfr\u00fcchte zu kosten und gleichzeitig die erdigen Aromen des Herbstes zu entdecken. Die vorgestellten Rezepte zeigen, wie vielseitig und n\u00e4hrstoffreich die September-Zutaten wie \u00c4pfel, Brokkoli, Kartoffeln, K\u00fcrbis und Rote Bete sind. Ob als herzhaftes Hauptgericht, wohltuende Beilage oder raffinierter Snack \u2013 nutzen Sie die Sch\u00e4tze dieser Jahreszeit und genie\u00dfen Sie den vollen Geschmack des Septembers!<\/p>\n","protected":false},"excerpt":{"rendered":"<p>Der September markiert den \u00dcbergang vom Sommer zum Herbst und bringt eine besondere Atmosph\u00e4re mit sich. Die Tage werden k\u00fcrzer, die Temperaturen k\u00fchler, und die Natur zeigt sich in den ersten warmen Herbstfarben. Diese Zeit des Jahres ist nicht nur ideal f\u00fcr lange Spazierg\u00e4nge durch bunt gef\u00e4rbte W\u00e4lder, sondern auch f\u00fcr die Ernte von frischem, [&#8230;]<\/p>\n","protected":false},"author":1572,"featured_media":632841,"comment_status":"closed","ping_status":"closed","sticky":false,"template":"","format":"standard","meta":{"_acf_changed":false,"footnotes":""},"categories":[342,2249],"tags":[64,395,63,62],"class_list":["post-632824","post","type-post","status-publish","format-standard","has-post-thumbnail","hentry","category-ernaehrung","category-rezepte-und-anregungen","tag-darmflora","tag-darmflora-aufbauen","tag-darmgesundheit","tag-ernaehrung"],"acf":[],"yoast_head":"<!-- This site is optimized with the Yoast SEO plugin v27.4 - https:\/\/yoast.com\/product\/yoast-seo-wordpress\/ -->\n<title>Darmfreundliche saisonale Lebensmittel im September<\/title>\n<meta name=\"description\" content=\"Entdecke die Top 5 saisonale Lebensmittel im September &amp; erfahre, wie du k\u00f6stliche &amp; gesunde Rezepte kochen kannst.\" \/>\n<meta name=\"robots\" content=\"index, follow, max-snippet:-1, max-image-preview:large, max-video-preview:-1\" \/>\n<link rel=\"canonical\" href=\"https:\/\/biomes.world\/de\/wissenswertes\/ernaehrung\/5-saisonale-lebensmittel-im-september-leckere-und-gesunde-rezeptideen\/\" \/>\n<meta property=\"og:locale\" content=\"de_DE\" \/>\n<meta property=\"og:type\" content=\"article\" \/>\n<meta property=\"og:title\" content=\"Darmfreundliche saisonale Lebensmittel im September\" \/>\n<meta property=\"og:description\" content=\"Entdecke die Top 5 saisonale Lebensmittel im September &amp; erfahre, wie du k\u00f6stliche &amp; gesunde Rezepte kochen kannst.\" \/>\n<meta property=\"og:url\" content=\"https:\/\/biomes.world\/de\/wissenswertes\/ernaehrung\/5-saisonale-lebensmittel-im-september-leckere-und-gesunde-rezeptideen\/\" \/>\n<meta property=\"og:site_name\" content=\"BIOMES - Feel better\" \/>\n<meta property=\"article:publisher\" content=\"https:\/\/de-de.facebook.com\/BIOMES.world\/\" \/>\n<meta property=\"article:published_time\" content=\"2024-08-09T13:02:10+00:00\" \/>\n<meta property=\"article:modified_time\" content=\"2024-08-09T13:02:16+00:00\" \/>\n<meta property=\"og:image\" content=\"https:\/\/biomes.world\/wp-content\/uploads\/2024\/08\/jan-canty-XaLE4wF6s-unsplash-scaled.jpg\" \/>\n\t<meta property=\"og:image:width\" content=\"2560\" \/>\n\t<meta property=\"og:image:height\" content=\"1707\" \/>\n\t<meta property=\"og:image:type\" content=\"image\/jpeg\" \/>\n<meta name=\"author\" content=\"2bmes3admin4_19\" \/>\n<meta name=\"twitter:card\" content=\"summary_large_image\" \/>\n<meta name=\"twitter:creator\" content=\"@zaki\" \/>\n<meta name=\"twitter:label1\" content=\"Verfasst von\" \/>\n\t<meta name=\"twitter:data1\" content=\"2bmes3admin4_19\" \/>\n\t<meta name=\"twitter:label2\" content=\"Gesch\u00e4tzte Lesezeit\" \/>\n\t<meta name=\"twitter:data2\" content=\"5\u00a0Minuten\" \/>\n<script type=\"application\/ld+json\" class=\"yoast-schema-graph\">{\"@context\":\"https:\\\/\\\/schema.org\",\"@graph\":[{\"@type\":\"Article\",\"@id\":\"https:\\\/\\\/biomes.world\\\/de\\\/wissenswertes\\\/ernaehrung\\\/5-saisonale-lebensmittel-im-september-leckere-und-gesunde-rezeptideen\\\/#article\",\"isPartOf\":{\"@id\":\"https:\\\/\\\/biomes.world\\\/de\\\/wissenswertes\\\/ernaehrung\\\/5-saisonale-lebensmittel-im-september-leckere-und-gesunde-rezeptideen\\\/\"},\"author\":{\"name\":\"2bmes3admin4_19\",\"@id\":\"https:\\\/\\\/biomes.world\\\/de\\\/#\\\/schema\\\/person\\\/45f244fb966c7d4d9102f5addfb973cd\"},\"headline\":\"5 Saisonale Lebensmittel im September: Leckere und gesunde Rezeptideen\",\"datePublished\":\"2024-08-09T13:02:10+00:00\",\"dateModified\":\"2024-08-09T13:02:16+00:00\",\"mainEntityOfPage\":{\"@id\":\"https:\\\/\\\/biomes.world\\\/de\\\/wissenswertes\\\/ernaehrung\\\/5-saisonale-lebensmittel-im-september-leckere-und-gesunde-rezeptideen\\\/\"},\"wordCount\":845,\"publisher\":{\"@id\":\"https:\\\/\\\/biomes.world\\\/de\\\/#organization\"},\"image\":{\"@id\":\"https:\\\/\\\/biomes.world\\\/de\\\/wissenswertes\\\/ernaehrung\\\/5-saisonale-lebensmittel-im-september-leckere-und-gesunde-rezeptideen\\\/#primaryimage\"},\"thumbnailUrl\":\"https:\\\/\\\/biomes.world\\\/wp-content\\\/uploads\\\/2024\\\/08\\\/jan-canty-XaLE4wF6s-unsplash-scaled.jpg\",\"keywords\":[\"Darmflora\",\"Darmflora aufbauen\",\"Darmgesundheit\",\"Ern\u00e4hrung\"],\"articleSection\":[\"Ern\u00e4hrung\",\"Rezepte &amp; Anregungen\"],\"inLanguage\":\"de\"},{\"@type\":\"WebPage\",\"@id\":\"https:\\\/\\\/biomes.world\\\/de\\\/wissenswertes\\\/ernaehrung\\\/5-saisonale-lebensmittel-im-september-leckere-und-gesunde-rezeptideen\\\/\",\"url\":\"https:\\\/\\\/biomes.world\\\/de\\\/wissenswertes\\\/ernaehrung\\\/5-saisonale-lebensmittel-im-september-leckere-und-gesunde-rezeptideen\\\/\",\"name\":\"Darmfreundliche saisonale Lebensmittel im September\",\"isPartOf\":{\"@id\":\"https:\\\/\\\/biomes.world\\\/de\\\/#website\"},\"primaryImageOfPage\":{\"@id\":\"https:\\\/\\\/biomes.world\\\/de\\\/wissenswertes\\\/ernaehrung\\\/5-saisonale-lebensmittel-im-september-leckere-und-gesunde-rezeptideen\\\/#primaryimage\"},\"image\":{\"@id\":\"https:\\\/\\\/biomes.world\\\/de\\\/wissenswertes\\\/ernaehrung\\\/5-saisonale-lebensmittel-im-september-leckere-und-gesunde-rezeptideen\\\/#primaryimage\"},\"thumbnailUrl\":\"https:\\\/\\\/biomes.world\\\/wp-content\\\/uploads\\\/2024\\\/08\\\/jan-canty-XaLE4wF6s-unsplash-scaled.jpg\",\"datePublished\":\"2024-08-09T13:02:10+00:00\",\"dateModified\":\"2024-08-09T13:02:16+00:00\",\"description\":\"Entdecke die Top 5 saisonale Lebensmittel im September & erfahre, wie du k\u00f6stliche & gesunde Rezepte kochen kannst.\",\"breadcrumb\":{\"@id\":\"https:\\\/\\\/biomes.world\\\/de\\\/wissenswertes\\\/ernaehrung\\\/5-saisonale-lebensmittel-im-september-leckere-und-gesunde-rezeptideen\\\/#breadcrumb\"},\"inLanguage\":\"de\",\"potentialAction\":[{\"@type\":\"ReadAction\",\"target\":[\"https:\\\/\\\/biomes.world\\\/de\\\/wissenswertes\\\/ernaehrung\\\/5-saisonale-lebensmittel-im-september-leckere-und-gesunde-rezeptideen\\\/\"]}]},{\"@type\":\"ImageObject\",\"inLanguage\":\"de\",\"@id\":\"https:\\\/\\\/biomes.world\\\/de\\\/wissenswertes\\\/ernaehrung\\\/5-saisonale-lebensmittel-im-september-leckere-und-gesunde-rezeptideen\\\/#primaryimage\",\"url\":\"https:\\\/\\\/biomes.world\\\/wp-content\\\/uploads\\\/2024\\\/08\\\/jan-canty-XaLE4wF6s-unsplash-scaled.jpg\",\"contentUrl\":\"https:\\\/\\\/biomes.world\\\/wp-content\\\/uploads\\\/2024\\\/08\\\/jan-canty-XaLE4wF6s-unsplash-scaled.jpg\",\"width\":2560,\"height\":1707},{\"@type\":\"BreadcrumbList\",\"@id\":\"https:\\\/\\\/biomes.world\\\/de\\\/wissenswertes\\\/ernaehrung\\\/5-saisonale-lebensmittel-im-september-leckere-und-gesunde-rezeptideen\\\/#breadcrumb\",\"itemListElement\":[{\"@type\":\"ListItem\",\"position\":1,\"name\":\"Home\",\"item\":\"https:\\\/\\\/biomes.world\\\/de\\\/\"},{\"@type\":\"ListItem\",\"position\":2,\"name\":\"Deine Darmflora entscheidet \u00fcber dein Wohlbefinden\",\"item\":\"https:\\\/\\\/biomes.world\\\/de\\\/?p=165\"},{\"@type\":\"ListItem\",\"position\":3,\"name\":\"5 Saisonale Lebensmittel im September: Leckere und gesunde Rezeptideen\"}]},{\"@type\":\"WebSite\",\"@id\":\"https:\\\/\\\/biomes.world\\\/de\\\/#website\",\"url\":\"https:\\\/\\\/biomes.world\\\/de\\\/\",\"name\":\"BIOMES - Feel better\",\"description\":\"Cutting-edge biotechnology used to help people\",\"publisher\":{\"@id\":\"https:\\\/\\\/biomes.world\\\/de\\\/#organization\"},\"potentialAction\":[{\"@type\":\"SearchAction\",\"target\":{\"@type\":\"EntryPoint\",\"urlTemplate\":\"https:\\\/\\\/biomes.world\\\/de\\\/?s={search_term_string}\"},\"query-input\":{\"@type\":\"PropertyValueSpecification\",\"valueRequired\":true,\"valueName\":\"search_term_string\"}}],\"inLanguage\":\"de\"},{\"@type\":\"Organization\",\"@id\":\"https:\\\/\\\/biomes.world\\\/de\\\/#organization\",\"name\":\"BIOMES 4.0 GmbH\",\"url\":\"https:\\\/\\\/biomes.world\\\/de\\\/\",\"logo\":{\"@type\":\"ImageObject\",\"inLanguage\":\"de\",\"@id\":\"https:\\\/\\\/biomes.world\\\/de\\\/#\\\/schema\\\/logo\\\/image\\\/\",\"url\":\"https:\\\/\\\/biomes.world\\\/http:\\\/\\\/biomes.world\\\/wp-content\\\/uploads\\\/2024\\\/04\\\/biomes_logo_2021_RGB.png\",\"contentUrl\":\"https:\\\/\\\/biomes.world\\\/http:\\\/\\\/biomes.world\\\/wp-content\\\/uploads\\\/2024\\\/04\\\/biomes_logo_2021_RGB.png\",\"width\":10040,\"height\":2599,\"caption\":\"BIOMES 4.0 GmbH\"},\"image\":{\"@id\":\"https:\\\/\\\/biomes.world\\\/de\\\/#\\\/schema\\\/logo\\\/image\\\/\"},\"sameAs\":[\"https:\\\/\\\/de-de.facebook.com\\\/BIOMES.world\\\/\",\"https:\\\/\\\/www.youtube.com\\\/@BIOMESworld\",\"https:\\\/\\\/www.instagram.com\\\/biomes_official\\\/\"]},{\"@type\":\"Person\",\"@id\":\"https:\\\/\\\/biomes.world\\\/de\\\/#\\\/schema\\\/person\\\/45f244fb966c7d4d9102f5addfb973cd\",\"name\":\"2bmes3admin4_19\",\"image\":{\"@type\":\"ImageObject\",\"inLanguage\":\"de\",\"@id\":\"https:\\\/\\\/secure.gravatar.com\\\/avatar\\\/3cb5f95d66437c7d8e3d6794a01d59c5111a40deaa0642c7a7bece6dc0d78a1c?s=96&d=mm&r=g\",\"url\":\"https:\\\/\\\/secure.gravatar.com\\\/avatar\\\/3cb5f95d66437c7d8e3d6794a01d59c5111a40deaa0642c7a7bece6dc0d78a1c?s=96&d=mm&r=g\",\"contentUrl\":\"https:\\\/\\\/secure.gravatar.com\\\/avatar\\\/3cb5f95d66437c7d8e3d6794a01d59c5111a40deaa0642c7a7bece6dc0d78a1c?s=96&d=mm&r=g\",\"caption\":\"2bmes3admin4_19\"},\"sameAs\":[\"https:\\\/\\\/x.com\\\/zaki\"],\"url\":\"https:\\\/\\\/biomes.world\\\/de\\\/author\\\/2bmes3admin4_19\\\/\"}]}<\/script>\n<!-- \/ Yoast SEO plugin. -->","yoast_head_json":{"title":"Darmfreundliche saisonale Lebensmittel im September","description":"Entdecke die Top 5 saisonale Lebensmittel im September & erfahre, wie du k\u00f6stliche & gesunde Rezepte kochen kannst.","robots":{"index":"index","follow":"follow","max-snippet":"max-snippet:-1","max-image-preview":"max-image-preview:large","max-video-preview":"max-video-preview:-1"},"canonical":"https:\/\/biomes.world\/de\/wissenswertes\/ernaehrung\/5-saisonale-lebensmittel-im-september-leckere-und-gesunde-rezeptideen\/","og_locale":"de_DE","og_type":"article","og_title":"Darmfreundliche saisonale Lebensmittel im September","og_description":"Entdecke die Top 5 saisonale Lebensmittel im September & erfahre, wie du k\u00f6stliche & gesunde Rezepte kochen kannst.","og_url":"https:\/\/biomes.world\/de\/wissenswertes\/ernaehrung\/5-saisonale-lebensmittel-im-september-leckere-und-gesunde-rezeptideen\/","og_site_name":"BIOMES - Feel better","article_publisher":"https:\/\/de-de.facebook.com\/BIOMES.world\/","article_published_time":"2024-08-09T13:02:10+00:00","article_modified_time":"2024-08-09T13:02:16+00:00","og_image":[{"width":2560,"height":1707,"url":"https:\/\/biomes.world\/wp-content\/uploads\/2024\/08\/jan-canty-XaLE4wF6s-unsplash-scaled.jpg","type":"image\/jpeg"}],"author":"2bmes3admin4_19","twitter_card":"summary_large_image","twitter_creator":"@zaki","twitter_misc":{"Verfasst von":"2bmes3admin4_19","Gesch\u00e4tzte Lesezeit":"5\u00a0Minuten"},"schema":{"@context":"https:\/\/schema.org","@graph":[{"@type":"Article","@id":"https:\/\/biomes.world\/de\/wissenswertes\/ernaehrung\/5-saisonale-lebensmittel-im-september-leckere-und-gesunde-rezeptideen\/#article","isPartOf":{"@id":"https:\/\/biomes.world\/de\/wissenswertes\/ernaehrung\/5-saisonale-lebensmittel-im-september-leckere-und-gesunde-rezeptideen\/"},"author":{"name":"2bmes3admin4_19","@id":"https:\/\/biomes.world\/de\/#\/schema\/person\/45f244fb966c7d4d9102f5addfb973cd"},"headline":"5 Saisonale Lebensmittel im September: Leckere und gesunde Rezeptideen","datePublished":"2024-08-09T13:02:10+00:00","dateModified":"2024-08-09T13:02:16+00:00","mainEntityOfPage":{"@id":"https:\/\/biomes.world\/de\/wissenswertes\/ernaehrung\/5-saisonale-lebensmittel-im-september-leckere-und-gesunde-rezeptideen\/"},"wordCount":845,"publisher":{"@id":"https:\/\/biomes.world\/de\/#organization"},"image":{"@id":"https:\/\/biomes.world\/de\/wissenswertes\/ernaehrung\/5-saisonale-lebensmittel-im-september-leckere-und-gesunde-rezeptideen\/#primaryimage"},"thumbnailUrl":"https:\/\/biomes.world\/wp-content\/uploads\/2024\/08\/jan-canty-XaLE4wF6s-unsplash-scaled.jpg","keywords":["Darmflora","Darmflora aufbauen","Darmgesundheit","Ern\u00e4hrung"],"articleSection":["Ern\u00e4hrung","Rezepte &amp; Anregungen"],"inLanguage":"de"},{"@type":"WebPage","@id":"https:\/\/biomes.world\/de\/wissenswertes\/ernaehrung\/5-saisonale-lebensmittel-im-september-leckere-und-gesunde-rezeptideen\/","url":"https:\/\/biomes.world\/de\/wissenswertes\/ernaehrung\/5-saisonale-lebensmittel-im-september-leckere-und-gesunde-rezeptideen\/","name":"Darmfreundliche saisonale Lebensmittel im September","isPartOf":{"@id":"https:\/\/biomes.world\/de\/#website"},"primaryImageOfPage":{"@id":"https:\/\/biomes.world\/de\/wissenswertes\/ernaehrung\/5-saisonale-lebensmittel-im-september-leckere-und-gesunde-rezeptideen\/#primaryimage"},"image":{"@id":"https:\/\/biomes.world\/de\/wissenswertes\/ernaehrung\/5-saisonale-lebensmittel-im-september-leckere-und-gesunde-rezeptideen\/#primaryimage"},"thumbnailUrl":"https:\/\/biomes.world\/wp-content\/uploads\/2024\/08\/jan-canty-XaLE4wF6s-unsplash-scaled.jpg","datePublished":"2024-08-09T13:02:10+00:00","dateModified":"2024-08-09T13:02:16+00:00","description":"Entdecke die Top 5 saisonale Lebensmittel im September & erfahre, wie du k\u00f6stliche & gesunde Rezepte kochen kannst.","breadcrumb":{"@id":"https:\/\/biomes.world\/de\/wissenswertes\/ernaehrung\/5-saisonale-lebensmittel-im-september-leckere-und-gesunde-rezeptideen\/#breadcrumb"},"inLanguage":"de","potentialAction":[{"@type":"ReadAction","target":["https:\/\/biomes.world\/de\/wissenswertes\/ernaehrung\/5-saisonale-lebensmittel-im-september-leckere-und-gesunde-rezeptideen\/"]}]},{"@type":"ImageObject","inLanguage":"de","@id":"https:\/\/biomes.world\/de\/wissenswertes\/ernaehrung\/5-saisonale-lebensmittel-im-september-leckere-und-gesunde-rezeptideen\/#primaryimage","url":"https:\/\/biomes.world\/wp-content\/uploads\/2024\/08\/jan-canty-XaLE4wF6s-unsplash-scaled.jpg","contentUrl":"https:\/\/biomes.world\/wp-content\/uploads\/2024\/08\/jan-canty-XaLE4wF6s-unsplash-scaled.jpg","width":2560,"height":1707},{"@type":"BreadcrumbList","@id":"https:\/\/biomes.world\/de\/wissenswertes\/ernaehrung\/5-saisonale-lebensmittel-im-september-leckere-und-gesunde-rezeptideen\/#breadcrumb","itemListElement":[{"@type":"ListItem","position":1,"name":"Home","item":"https:\/\/biomes.world\/de\/"},{"@type":"ListItem","position":2,"name":"Deine Darmflora entscheidet \u00fcber dein Wohlbefinden","item":"https:\/\/biomes.world\/de\/?p=165"},{"@type":"ListItem","position":3,"name":"5 Saisonale Lebensmittel im September: Leckere und gesunde Rezeptideen"}]},{"@type":"WebSite","@id":"https:\/\/biomes.world\/de\/#website","url":"https:\/\/biomes.world\/de\/","name":"BIOMES - Feel better","description":"Cutting-edge biotechnology used to help people","publisher":{"@id":"https:\/\/biomes.world\/de\/#organization"},"potentialAction":[{"@type":"SearchAction","target":{"@type":"EntryPoint","urlTemplate":"https:\/\/biomes.world\/de\/?s={search_term_string}"},"query-input":{"@type":"PropertyValueSpecification","valueRequired":true,"valueName":"search_term_string"}}],"inLanguage":"de"},{"@type":"Organization","@id":"https:\/\/biomes.world\/de\/#organization","name":"BIOMES 4.0 GmbH","url":"https:\/\/biomes.world\/de\/","logo":{"@type":"ImageObject","inLanguage":"de","@id":"https:\/\/biomes.world\/de\/#\/schema\/logo\/image\/","url":"https:\/\/biomes.world\/http:\/\/biomes.world\/wp-content\/uploads\/2024\/04\/biomes_logo_2021_RGB.png","contentUrl":"https:\/\/biomes.world\/http:\/\/biomes.world\/wp-content\/uploads\/2024\/04\/biomes_logo_2021_RGB.png","width":10040,"height":2599,"caption":"BIOMES 4.0 GmbH"},"image":{"@id":"https:\/\/biomes.world\/de\/#\/schema\/logo\/image\/"},"sameAs":["https:\/\/de-de.facebook.com\/BIOMES.world\/","https:\/\/www.youtube.com\/@BIOMESworld","https:\/\/www.instagram.com\/biomes_official\/"]},{"@type":"Person","@id":"https:\/\/biomes.world\/de\/#\/schema\/person\/45f244fb966c7d4d9102f5addfb973cd","name":"2bmes3admin4_19","image":{"@type":"ImageObject","inLanguage":"de","@id":"https:\/\/secure.gravatar.com\/avatar\/3cb5f95d66437c7d8e3d6794a01d59c5111a40deaa0642c7a7bece6dc0d78a1c?s=96&d=mm&r=g","url":"https:\/\/secure.gravatar.com\/avatar\/3cb5f95d66437c7d8e3d6794a01d59c5111a40deaa0642c7a7bece6dc0d78a1c?s=96&d=mm&r=g","contentUrl":"https:\/\/secure.gravatar.com\/avatar\/3cb5f95d66437c7d8e3d6794a01d59c5111a40deaa0642c7a7bece6dc0d78a1c?s=96&d=mm&r=g","caption":"2bmes3admin4_19"},"sameAs":["https:\/\/x.com\/zaki"],"url":"https:\/\/biomes.world\/de\/author\/2bmes3admin4_19\/"}]}},"_links":{"self":[{"href":"https:\/\/biomes.world\/de\/wp-json\/wp\/v2\/posts\/632824","targetHints":{"allow":["GET"]}}],"collection":[{"href":"https:\/\/biomes.world\/de\/wp-json\/wp\/v2\/posts"}],"about":[{"href":"https:\/\/biomes.world\/de\/wp-json\/wp\/v2\/types\/post"}],"author":[{"embeddable":true,"href":"https:\/\/biomes.world\/de\/wp-json\/wp\/v2\/users\/1572"}],"replies":[{"embeddable":true,"href":"https:\/\/biomes.world\/de\/wp-json\/wp\/v2\/comments?post=632824"}],"version-history":[{"count":6,"href":"https:\/\/biomes.world\/de\/wp-json\/wp\/v2\/posts\/632824\/revisions"}],"predecessor-version":[{"id":632849,"href":"https:\/\/biomes.world\/de\/wp-json\/wp\/v2\/posts\/632824\/revisions\/632849"}],"wp:featuredmedia":[{"embeddable":true,"href":"https:\/\/biomes.world\/de\/wp-json\/wp\/v2\/media\/632841"}],"wp:attachment":[{"href":"https:\/\/biomes.world\/de\/wp-json\/wp\/v2\/media?parent=632824"}],"wp:term":[{"taxonomy":"category","embeddable":true,"href":"https:\/\/biomes.world\/de\/wp-json\/wp\/v2\/categories?post=632824"},{"taxonomy":"post_tag","embeddable":true,"href":"https:\/\/biomes.world\/de\/wp-json\/wp\/v2\/tags?post=632824"}],"curies":[{"name":"wp","href":"https:\/\/api.w.org\/{rel}","templated":true}]}}