{"id":337607,"date":"2020-09-08T13:44:14","date_gmt":"2020-09-08T11:44:14","guid":{"rendered":"http:\/\/biomes.world\/?p=337607"},"modified":"2023-05-05T11:12:43","modified_gmt":"2023-05-05T09:12:43","slug":"der-unterschaetzt-darm","status":"publish","type":"post","link":"https:\/\/biomes.world\/de\/wissenswertes\/biomes-live\/der-unterschaetzt-darm\/","title":{"rendered":"BIOMES Live Q&amp;A: Der untersch\u00e4tzt Darm"},"content":{"rendered":"\n<h1 class=\"wp-block-heading\" id=\"h-biomes-live-q-a-der-unterschatzt-darm\">BIOMES Live Q&amp;A: Der untersch\u00e4tzt Darm<\/h1>\n\n\n\n<figure class=\"wp-block-embed is-type-video is-provider-youtube wp-block-embed-youtube wp-embed-aspect-16-9 wp-has-aspect-ratio\"><div class=\"wp-block-embed__wrapper\">\n<iframe loading=\"lazy\" title=\"BIOMES Live Q&amp;A vom 12.08 - Der untersch\u00e4tze Darm\" width=\"1260\" height=\"709\" src=\"https:\/\/www.youtube.com\/embed\/JMBu0b7jSeg?feature=oembed\" frameborder=\"0\" allow=\"accelerometer; autoplay; clipboard-write; encrypted-media; gyroscope; picture-in-picture\" allowfullscreen><\/iframe>\n<\/div><\/figure>\n","protected":false},"excerpt":{"rendered":"<p>BIOMES Live Q&amp;A: Der untersch\u00e4tzt Darm<\/p>\n","protected":false},"author":3168,"featured_media":0,"comment_status":"closed","ping_status":"closed","sticky":false,"template":"","format":"video","meta":{"_acf_changed":false,"footnotes":""},"categories":[1468],"tags":[],"class_list":["post-337607","post","type-post","status-publish","format-video","hentry","category-biomes-live","post_format-post-format-video"],"acf":[],"yoast_head":"<!-- This site is optimized with the Yoast SEO plugin v27.4 - https:\/\/yoast.com\/product\/yoast-seo-wordpress\/ -->\n<title>BIOMES Live Q&amp;A: Der untersch\u00e4tzt Darm<\/title>\n<meta name=\"description\" content=\"Dr. Hammer und Christin war Live-Session \u00fcber das Thema Der untersch\u00e4tzte Darm. Besuch unsere Seite, um weitere Informationen \u00fcber dein Darm.\" \/>\n<meta name=\"robots\" content=\"index, follow, max-snippet:-1, max-image-preview:large, max-video-preview:-1\" \/>\n<link rel=\"canonical\" href=\"https:\/\/biomes.world\/de\/wissenswertes\/biomes-live\/der-unterschaetzt-darm\/\" \/>\n<meta property=\"og:locale\" content=\"de_DE\" \/>\n<meta property=\"og:type\" content=\"article\" \/>\n<meta property=\"og:title\" content=\"BIOMES Live Q&amp;A: Der untersch\u00e4tzt Darm\" \/>\n<meta property=\"og:description\" content=\"Dr. Hammer und Christin war Live-Session \u00fcber das Thema Der untersch\u00e4tzte Darm. Besuch unsere Seite, um weitere Informationen \u00fcber dein Darm.\" \/>\n<meta property=\"og:url\" content=\"https:\/\/biomes.world\/de\/wissenswertes\/biomes-live\/der-unterschaetzt-darm\/\" \/>\n<meta property=\"og:site_name\" content=\"BIOMES - Feel better\" \/>\n<meta property=\"article:publisher\" content=\"https:\/\/de-de.facebook.com\/BIOMES.world\/\" \/>\n<meta property=\"article:published_time\" content=\"2020-09-08T11:44:14+00:00\" \/>\n<meta property=\"article:modified_time\" content=\"2023-05-05T09:12:43+00:00\" \/>\n<meta name=\"author\" content=\"Dr. Paul Hammer\" \/>\n<meta name=\"twitter:card\" content=\"summary_large_image\" \/>\n<meta name=\"twitter:label1\" content=\"Verfasst von\" \/>\n\t<meta name=\"twitter:data1\" content=\"Dr. Paul Hammer\" \/>\n\t<meta name=\"twitter:label2\" content=\"Gesch\u00e4tzte Lesezeit\" \/>\n\t<meta name=\"twitter:data2\" content=\"1\u00a0Minute\" \/>\n<script type=\"application\/ld+json\" class=\"yoast-schema-graph\">{\"@context\":\"https:\\\/\\\/schema.org\",\"@graph\":[{\"@type\":\"Article\",\"@id\":\"https:\\\/\\\/biomes.world\\\/de\\\/wissenswertes\\\/biomes-live\\\/der-unterschaetzt-darm\\\/#article\",\"isPartOf\":{\"@id\":\"https:\\\/\\\/biomes.world\\\/de\\\/wissenswertes\\\/biomes-live\\\/der-unterschaetzt-darm\\\/\"},\"author\":{\"name\":\"Dr. Paul Hammer\",\"@id\":\"https:\\\/\\\/biomes.world\\\/de\\\/#\\\/schema\\\/person\\\/6ca9c5d1dd4da421e107092bf1235957\"},\"headline\":\"BIOMES Live Q&amp;A: Der untersch\u00e4tzt Darm\",\"datePublished\":\"2020-09-08T11:44:14+00:00\",\"dateModified\":\"2023-05-05T09:12:43+00:00\",\"mainEntityOfPage\":{\"@id\":\"https:\\\/\\\/biomes.world\\\/de\\\/wissenswertes\\\/biomes-live\\\/der-unterschaetzt-darm\\\/\"},\"wordCount\":27,\"publisher\":{\"@id\":\"https:\\\/\\\/biomes.world\\\/de\\\/#organization\"},\"articleSection\":[\"Biomes Live\"],\"inLanguage\":\"de\"},{\"@type\":\"WebPage\",\"@id\":\"https:\\\/\\\/biomes.world\\\/de\\\/wissenswertes\\\/biomes-live\\\/der-unterschaetzt-darm\\\/\",\"url\":\"https:\\\/\\\/biomes.world\\\/de\\\/wissenswertes\\\/biomes-live\\\/der-unterschaetzt-darm\\\/\",\"name\":\"BIOMES Live Q&A: Der untersch\u00e4tzt Darm\",\"isPartOf\":{\"@id\":\"https:\\\/\\\/biomes.world\\\/de\\\/#website\"},\"datePublished\":\"2020-09-08T11:44:14+00:00\",\"dateModified\":\"2023-05-05T09:12:43+00:00\",\"description\":\"Dr. Hammer und Christin war Live-Session \u00fcber das Thema Der untersch\u00e4tzte Darm. Besuch unsere Seite, um weitere Informationen \u00fcber dein Darm.\",\"breadcrumb\":{\"@id\":\"https:\\\/\\\/biomes.world\\\/de\\\/wissenswertes\\\/biomes-live\\\/der-unterschaetzt-darm\\\/#breadcrumb\"},\"inLanguage\":\"de\",\"potentialAction\":[{\"@type\":\"ReadAction\",\"target\":[\"https:\\\/\\\/biomes.world\\\/de\\\/wissenswertes\\\/biomes-live\\\/der-unterschaetzt-darm\\\/\"]}]},{\"@type\":\"BreadcrumbList\",\"@id\":\"https:\\\/\\\/biomes.world\\\/de\\\/wissenswertes\\\/biomes-live\\\/der-unterschaetzt-darm\\\/#breadcrumb\",\"itemListElement\":[{\"@type\":\"ListItem\",\"position\":1,\"name\":\"Home\",\"item\":\"https:\\\/\\\/biomes.world\\\/de\\\/\"},{\"@type\":\"ListItem\",\"position\":2,\"name\":\"BIOMES Live Q&amp;A: Der untersch\u00e4tzt Darm\"}]},{\"@type\":\"WebSite\",\"@id\":\"https:\\\/\\\/biomes.world\\\/de\\\/#website\",\"url\":\"https:\\\/\\\/biomes.world\\\/de\\\/\",\"name\":\"BIOMES - Feel better\",\"description\":\"Cutting-edge biotechnology used to help people\",\"publisher\":{\"@id\":\"https:\\\/\\\/biomes.world\\\/de\\\/#organization\"},\"potentialAction\":[{\"@type\":\"SearchAction\",\"target\":{\"@type\":\"EntryPoint\",\"urlTemplate\":\"https:\\\/\\\/biomes.world\\\/de\\\/?s={search_term_string}\"},\"query-input\":{\"@type\":\"PropertyValueSpecification\",\"valueRequired\":true,\"valueName\":\"search_term_string\"}}],\"inLanguage\":\"de\"},{\"@type\":\"Organization\",\"@id\":\"https:\\\/\\\/biomes.world\\\/de\\\/#organization\",\"name\":\"BIOMES 4.0 GmbH\",\"url\":\"https:\\\/\\\/biomes.world\\\/de\\\/\",\"logo\":{\"@type\":\"ImageObject\",\"inLanguage\":\"de\",\"@id\":\"https:\\\/\\\/biomes.world\\\/de\\\/#\\\/schema\\\/logo\\\/image\\\/\",\"url\":\"https:\\\/\\\/biomes.world\\\/http:\\\/\\\/biomes.world\\\/wp-content\\\/uploads\\\/2024\\\/04\\\/biomes_logo_2021_RGB.png\",\"contentUrl\":\"https:\\\/\\\/biomes.world\\\/http:\\\/\\\/biomes.world\\\/wp-content\\\/uploads\\\/2024\\\/04\\\/biomes_logo_2021_RGB.png\",\"width\":10040,\"height\":2599,\"caption\":\"BIOMES 4.0 GmbH\"},\"image\":{\"@id\":\"https:\\\/\\\/biomes.world\\\/de\\\/#\\\/schema\\\/logo\\\/image\\\/\"},\"sameAs\":[\"https:\\\/\\\/de-de.facebook.com\\\/BIOMES.world\\\/\",\"https:\\\/\\\/www.youtube.com\\\/@BIOMESworld\",\"https:\\\/\\\/www.instagram.com\\\/biomes_official\\\/\"]},{\"@type\":\"Person\",\"@id\":\"https:\\\/\\\/biomes.world\\\/de\\\/#\\\/schema\\\/person\\\/6ca9c5d1dd4da421e107092bf1235957\",\"name\":\"Dr. Paul Hammer\",\"image\":{\"@type\":\"ImageObject\",\"inLanguage\":\"de\",\"@id\":\"https:\\\/\\\/secure.gravatar.com\\\/avatar\\\/7b9ca6439b8f81c0c7fdfcce69b1ac9671bb451f6222e3fdad8a5d69827081a7?s=96&d=mm&r=g\",\"url\":\"https:\\\/\\\/secure.gravatar.com\\\/avatar\\\/7b9ca6439b8f81c0c7fdfcce69b1ac9671bb451f6222e3fdad8a5d69827081a7?s=96&d=mm&r=g\",\"contentUrl\":\"https:\\\/\\\/secure.gravatar.com\\\/avatar\\\/7b9ca6439b8f81c0c7fdfcce69b1ac9671bb451f6222e3fdad8a5d69827081a7?s=96&d=mm&r=g\",\"caption\":\"Dr. Paul Hammer\"},\"description\":\"Dr. Paul Hammer ist Gr\u00fcnder und CEO der BIOMES 4.0 GmbH. Paul promovierte 2012 in Systembiologie und Bioinformatik.\",\"url\":\"https:\\\/\\\/biomes.world\\\/de\\\/author\\\/paul_hammer\\\/\"}]}<\/script>\n<!-- \/ Yoast SEO plugin. -->","yoast_head_json":{"title":"BIOMES Live Q&A: Der untersch\u00e4tzt Darm","description":"Dr. Hammer und Christin war Live-Session \u00fcber das Thema Der untersch\u00e4tzte Darm. Besuch unsere Seite, um weitere Informationen \u00fcber dein Darm.","robots":{"index":"index","follow":"follow","max-snippet":"max-snippet:-1","max-image-preview":"max-image-preview:large","max-video-preview":"max-video-preview:-1"},"canonical":"https:\/\/biomes.world\/de\/wissenswertes\/biomes-live\/der-unterschaetzt-darm\/","og_locale":"de_DE","og_type":"article","og_title":"BIOMES Live Q&A: Der untersch\u00e4tzt Darm","og_description":"Dr. Hammer und Christin war Live-Session \u00fcber das Thema Der untersch\u00e4tzte Darm. Besuch unsere Seite, um weitere Informationen \u00fcber dein Darm.","og_url":"https:\/\/biomes.world\/de\/wissenswertes\/biomes-live\/der-unterschaetzt-darm\/","og_site_name":"BIOMES - Feel better","article_publisher":"https:\/\/de-de.facebook.com\/BIOMES.world\/","article_published_time":"2020-09-08T11:44:14+00:00","article_modified_time":"2023-05-05T09:12:43+00:00","author":"Dr. Paul Hammer","twitter_card":"summary_large_image","twitter_misc":{"Verfasst von":"Dr. Paul Hammer","Gesch\u00e4tzte Lesezeit":"1\u00a0Minute"},"schema":{"@context":"https:\/\/schema.org","@graph":[{"@type":"Article","@id":"https:\/\/biomes.world\/de\/wissenswertes\/biomes-live\/der-unterschaetzt-darm\/#article","isPartOf":{"@id":"https:\/\/biomes.world\/de\/wissenswertes\/biomes-live\/der-unterschaetzt-darm\/"},"author":{"name":"Dr. Paul Hammer","@id":"https:\/\/biomes.world\/de\/#\/schema\/person\/6ca9c5d1dd4da421e107092bf1235957"},"headline":"BIOMES Live Q&amp;A: Der untersch\u00e4tzt Darm","datePublished":"2020-09-08T11:44:14+00:00","dateModified":"2023-05-05T09:12:43+00:00","mainEntityOfPage":{"@id":"https:\/\/biomes.world\/de\/wissenswertes\/biomes-live\/der-unterschaetzt-darm\/"},"wordCount":27,"publisher":{"@id":"https:\/\/biomes.world\/de\/#organization"},"articleSection":["Biomes Live"],"inLanguage":"de"},{"@type":"WebPage","@id":"https:\/\/biomes.world\/de\/wissenswertes\/biomes-live\/der-unterschaetzt-darm\/","url":"https:\/\/biomes.world\/de\/wissenswertes\/biomes-live\/der-unterschaetzt-darm\/","name":"BIOMES Live Q&A: Der untersch\u00e4tzt Darm","isPartOf":{"@id":"https:\/\/biomes.world\/de\/#website"},"datePublished":"2020-09-08T11:44:14+00:00","dateModified":"2023-05-05T09:12:43+00:00","description":"Dr. Hammer und Christin war Live-Session \u00fcber das Thema Der untersch\u00e4tzte Darm. Besuch unsere Seite, um weitere Informationen \u00fcber dein Darm.","breadcrumb":{"@id":"https:\/\/biomes.world\/de\/wissenswertes\/biomes-live\/der-unterschaetzt-darm\/#breadcrumb"},"inLanguage":"de","potentialAction":[{"@type":"ReadAction","target":["https:\/\/biomes.world\/de\/wissenswertes\/biomes-live\/der-unterschaetzt-darm\/"]}]},{"@type":"BreadcrumbList","@id":"https:\/\/biomes.world\/de\/wissenswertes\/biomes-live\/der-unterschaetzt-darm\/#breadcrumb","itemListElement":[{"@type":"ListItem","position":1,"name":"Home","item":"https:\/\/biomes.world\/de\/"},{"@type":"ListItem","position":2,"name":"BIOMES Live Q&amp;A: Der untersch\u00e4tzt Darm"}]},{"@type":"WebSite","@id":"https:\/\/biomes.world\/de\/#website","url":"https:\/\/biomes.world\/de\/","name":"BIOMES - Feel better","description":"Cutting-edge biotechnology used to help people","publisher":{"@id":"https:\/\/biomes.world\/de\/#organization"},"potentialAction":[{"@type":"SearchAction","target":{"@type":"EntryPoint","urlTemplate":"https:\/\/biomes.world\/de\/?s={search_term_string}"},"query-input":{"@type":"PropertyValueSpecification","valueRequired":true,"valueName":"search_term_string"}}],"inLanguage":"de"},{"@type":"Organization","@id":"https:\/\/biomes.world\/de\/#organization","name":"BIOMES 4.0 GmbH","url":"https:\/\/biomes.world\/de\/","logo":{"@type":"ImageObject","inLanguage":"de","@id":"https:\/\/biomes.world\/de\/#\/schema\/logo\/image\/","url":"https:\/\/biomes.world\/http:\/\/biomes.world\/wp-content\/uploads\/2024\/04\/biomes_logo_2021_RGB.png","contentUrl":"https:\/\/biomes.world\/http:\/\/biomes.world\/wp-content\/uploads\/2024\/04\/biomes_logo_2021_RGB.png","width":10040,"height":2599,"caption":"BIOMES 4.0 GmbH"},"image":{"@id":"https:\/\/biomes.world\/de\/#\/schema\/logo\/image\/"},"sameAs":["https:\/\/de-de.facebook.com\/BIOMES.world\/","https:\/\/www.youtube.com\/@BIOMESworld","https:\/\/www.instagram.com\/biomes_official\/"]},{"@type":"Person","@id":"https:\/\/biomes.world\/de\/#\/schema\/person\/6ca9c5d1dd4da421e107092bf1235957","name":"Dr. Paul Hammer","image":{"@type":"ImageObject","inLanguage":"de","@id":"https:\/\/secure.gravatar.com\/avatar\/7b9ca6439b8f81c0c7fdfcce69b1ac9671bb451f6222e3fdad8a5d69827081a7?s=96&d=mm&r=g","url":"https:\/\/secure.gravatar.com\/avatar\/7b9ca6439b8f81c0c7fdfcce69b1ac9671bb451f6222e3fdad8a5d69827081a7?s=96&d=mm&r=g","contentUrl":"https:\/\/secure.gravatar.com\/avatar\/7b9ca6439b8f81c0c7fdfcce69b1ac9671bb451f6222e3fdad8a5d69827081a7?s=96&d=mm&r=g","caption":"Dr. Paul Hammer"},"description":"Dr. Paul Hammer ist Gr\u00fcnder und CEO der BIOMES 4.0 GmbH. Paul promovierte 2012 in Systembiologie und Bioinformatik.","url":"https:\/\/biomes.world\/de\/author\/paul_hammer\/"}]}},"_links":{"self":[{"href":"https:\/\/biomes.world\/de\/wp-json\/wp\/v2\/posts\/337607","targetHints":{"allow":["GET"]}}],"collection":[{"href":"https:\/\/biomes.world\/de\/wp-json\/wp\/v2\/posts"}],"about":[{"href":"https:\/\/biomes.world\/de\/wp-json\/wp\/v2\/types\/post"}],"author":[{"embeddable":true,"href":"https:\/\/biomes.world\/de\/wp-json\/wp\/v2\/users\/3168"}],"replies":[{"embeddable":true,"href":"https:\/\/biomes.world\/de\/wp-json\/wp\/v2\/comments?post=337607"}],"version-history":[{"count":1,"href":"https:\/\/biomes.world\/de\/wp-json\/wp\/v2\/posts\/337607\/revisions"}],"predecessor-version":[{"id":615130,"href":"https:\/\/biomes.world\/de\/wp-json\/wp\/v2\/posts\/337607\/revisions\/615130"}],"wp:attachment":[{"href":"https:\/\/biomes.world\/de\/wp-json\/wp\/v2\/media?parent=337607"}],"wp:term":[{"taxonomy":"category","embeddable":true,"href":"https:\/\/biomes.world\/de\/wp-json\/wp\/v2\/categories?post=337607"},{"taxonomy":"post_tag","embeddable":true,"href":"https:\/\/biomes.world\/de\/wp-json\/wp\/v2\/tags?post=337607"}],"curies":[{"name":"wp","href":"https:\/\/api.w.org\/{rel}","templated":true}]}}