{"id":187644,"date":"2019-07-30T09:05:20","date_gmt":"2019-07-30T07:05:20","guid":{"rendered":"http:\/\/biomes.world\/?page_id=187644"},"modified":"2023-03-02T14:24:12","modified_gmt":"2023-03-02T13:24:12","slug":"vegan-vitamine","status":"publish","type":"post","link":"https:\/\/biomes.world\/de\/wissenswertes\/ernaehrung\/vegan\/vegan-vitamine\/","title":{"rendered":"Vitaminmangel in der veganen Ern\u00e4hrung vermeiden"},"content":{"rendered":"\n<p>Vitamine sind essenziell f\u00fcr eine ausgewogene Ern\u00e4hrung und f\u00f6rdern Wachstum, Vitalit\u00e4t und Wohlbefinden.<\/p>\n\n\n\n<p><strong>Mangelerscheinungen geh\u00f6ren zu den&nbsp;Risiken einer <a href=\"http:\/\/biomes.world\/de\/wissenswertes\/ernaehrung\/vegan\/vegan-mangelerscheinungen\/\" target=\"_blank\" rel=\"noreferrer noopener\">veganen Ern\u00e4hrung<\/a>. Die wohl gr\u00f6\u00dfte Gef\u00e4hrdung f\u00fcr Veganer*innen stellt ein Mangel an Vitamin B12 dar. B12 ist ein essenzielles Vitamin, das gro\u00dfen Einfluss auf die Gesundheit des Nervensystems hat. Ein Mangel kann zu Blutarmut oder langfristigen Nervensch\u00e4digungen f\u00fchren. Da es fast nur in einigen tierischen Lebensmitteln vorkommt, ist es empfehlenswert, Vitamin B12 bei einer veganen Ern\u00e4hrung \u00fcber angereicherte Lebensmittel oder Nahrungs&shy;erg\u00e4nzungs&shy;mittel aufzunehmen, um Mangelerscheinungen vorzubeugen. Neben den B-Vitaminen sollten Veganer*innen auch andere Vitamine im Auge behalten.<\/strong><\/p>\n\n\n\n<h2 class=\"wp-block-heading\" id=\"h-vegane-ernahrung-vitamine-die-du-taglich-brauchst\">Vegane Ern\u00e4hrung: Vitamine, die du t\u00e4glich brauchst<\/h2>\n\n\n\n<p>Ob Mischk\u00f6stler*in, Vegetarier*in oder Veganer*in: Vitamine sind essenziell f\u00fcr eine ausgewogene Ern\u00e4hrung und f\u00f6rdern Wachstum, Vitalit\u00e4t und Wohlbefinden. Unser K\u00f6rper kann Vitamine (bis auf wenige Ausnahmen) nicht selbst herstellen, sondern muss sie \u00fcber die Nahrung aufnehmen.Man unterscheidet zwischen wasserl\u00f6slichen und fettl\u00f6slichen Vitaminen. Zu den wasserl\u00f6slichen geh\u00f6ren die B-Vitamine (au\u00dfer B12) und Vitamin C. Vitamin A, D, E und K sind fettl\u00f6sliche Vitamine, die der K\u00f6rper nur zusammen mit Fett aufnehmen kann. Im Gegensatz zu den fettl\u00f6slichen Vitaminen kann der K\u00f6rper wasserl\u00f6sliche Vitamine nicht speichern. Eine kontinuierliche Aufnahme \u00fcber die Nahrung ist daher unabdingbar. Eine Ausnahme hierbei bildet Vitamin B12, das der menschliche K\u00f6rper in gr\u00f6\u00dferen Mengen einlagern kann.<\/p>\n\n\n\n<h2 class=\"wp-block-heading\">Vitamin-B-Komplex \u2013 worauf Veganer*innen achten sollten<\/h2>\n\n\n\n<p>Die Aufgaben der B-Vitamine sind sehr vielf\u00e4ltig und komplex. Unter anderem unterst\u00fctzen sie die Hormonbildung, beeinflussen die Durchblutung und sind an verschiedenen Stoffwechselprozessen beteiligt. Der&nbsp;<strong>Vitamin-B-Komplex umfasst acht Vitamine:<\/strong><\/p>\n\n\n<div id=\"benefits-block_f65fcf4af6218af481bfb1f002354c4b\" class=\"benefits site-block\">\n    <div class=\"benefits__row row xs-up-4 md-up-4 lg-up-0\">\n        <div class=\"benefits__item column\"><div class=\"benefits__content\"><div class=\"benefits__text\"><div class=\"benefits__header\">B1<\/div><p>Thiamin ist wichtig f\u00fcr den Energie- und Kohlenhydratstoffwechsel und sorgt f\u00fcr starke Nerven<\/p>\n<\/div><\/div><\/div><div class=\"benefits__item column\"><div class=\"benefits__content\"><div class=\"benefits__text\"><div class=\"benefits__header\">B2<\/div><p>Riboflavin ist an Stoffwechsel- und Entgiftungsprozessen beteiligt und unterst\u00fctzt gesunde Haare, Haut und N\u00e4gel<\/p>\n<\/div><\/div><\/div><div class=\"benefits__item column\"><div class=\"benefits__content\"><div class=\"benefits__text\"><div class=\"benefits__header\">B3<\/div><p>Nicotins\u00e4ure spielt eine entscheidende Rolle f\u00fcr den Fett- und Cholesterinstoffwechsel, f\u00f6rdert die Gesundheit der Haut und des Nervengewebes<\/p>\n<\/div><\/div><\/div><div class=\"benefits__item column\"><div class=\"benefits__content\"><div class=\"benefits__text\"><div class=\"benefits__header\">B5<\/div><p>Pantothens\u00e4ure f\u00f6rdert die Zellregeneration und ist wichtig f\u00fcr die Wundheilung<\/p>\n<\/div><\/div><\/div><div class=\"benefits__item column\"><div class=\"benefits__content\"><div class=\"benefits__text\"><div class=\"benefits__header\">B6<\/div><p>Pyridoxin unterst\u00fctzt den Aminos\u00e4urestoffwechsel sowie die Bildung von Neurotransmittern und H\u00e4moglobin<\/p>\n<\/div><\/div><\/div><div class=\"benefits__item column\"><div class=\"benefits__content\"><div class=\"benefits__text\"><div class=\"benefits__header\">B7<\/div><p>Biotin (auch als Vitamin H bekannt) ist essenziell f\u00fcr gesunde Haut, Haare und N\u00e4gel<\/p>\n<\/div><\/div><\/div><div class=\"benefits__item column\"><div class=\"benefits__content\"><div class=\"benefits__text\"><div class=\"benefits__header\">B9<\/div><p>Fols\u00e4ure unterst\u00fctzt das Zellwachstum und die Zellteilung und ist wichtig f\u00fcr alle Wachstumsprozesse<\/p>\n<\/div><\/div><\/div><div class=\"benefits__item column\"><div class=\"benefits__content\"><div class=\"benefits__text\"><div class=\"benefits__header\">B12<\/div><p>Cobalamin ist entscheidend f\u00fcr die Blutbildung, Zellteilung und Regeneration von Nervenzellen<\/p>\n<\/div><\/div><\/div>    <\/div>\n<\/div>\n\n\n\n<h2 class=\"wp-block-heading\">Folgen eines Vitamin-B-Mangels<\/h2>\n\n\n\n<p>Aufgrund der komplexen Aufgaben der B-Vitamine sind die Mangelsymptome sehr breit gef\u00e4chert. M\u00f6gliche Mangelerscheinungen sind zum Beispiel&nbsp;<strong>M\u00fcdigkeit, Appetitlosigkeit, erh\u00f6hte Infektanf\u00e4lligkeit und Stimmungsschwankungen<\/strong>. Da auch das Nervensystem unter einer Unterversorgung an Vitamin B leidet, geh\u00f6ren zudem&nbsp;<strong>Schmerzen und Empfindungsst\u00f6rungen<\/strong>&nbsp;zu h\u00e4ufigen Mangelerscheinungen. Weitere Symptome sind&nbsp;<strong>Entz\u00fcndungen an Haut und Schleimh\u00e4uten<\/strong>.F\u00fcr eine ausreichende Vitaminzufuhr empfiehlt die Deutsche Gesellschaft f\u00fcr Ern\u00e4hrung (DGE)&nbsp;<strong>f\u00fcnf Portionen Obst und Gem\u00fcse am Tag<\/strong>. Das entspricht ungef\u00e4hr 400 g Gem\u00fcse und 250 g Obst. Eine Schwierigkeit f\u00fcr Veganer*innen bildet das Vitamin B12, da es fast ausschlie\u00dflich in tierischen Lebensmitteln enthalten ist. Um keinen Mangel zu riskieren, ist es ratsam, mit B12 angereicherte Lebensmittel zu essen \u2013 wie Margarine \u2013 oder zu entsprechenden Nahrungs&shy;erg\u00e4nzungs&shy;mitteln zu greifen. Es gibt sogar Pr\u00e4parate mit dem gesamten Vitamin-B-Komplex \u2013 speziell f\u00fcr Veganer*innen.<\/p>\n\n\n\n<h2 class=\"wp-block-heading\">Nicht nur ein Problem f\u00fcr Veganer*innen: Vitamin D<\/h2>\n\n\n\n<p>Egal, ob Fleischesser*in oder Veganer*in \u2013 ein Vitamin-D-Mangel kann bei jeder Ern\u00e4hrungsweise auftreten. Dein K\u00f6rper ist in der Lage, aus den Vorstufen des Vitamins, die du \u00fcber die Nahrung aufnimmst, wirksames Vitamin D zu synthetisieren. Au\u00dferdem kann er mithilfe von Sonneneinstrahlung (UV-B) Vitamin D bilden.&nbsp;<strong>Vitamin D ben\u00f6tigst du f\u00fcr starke Z\u00e4hne und Knochen<\/strong>&nbsp;sowie ein intaktes Immunsystem. Symptome einer Unterversorgung sind unter anderem eine erh\u00f6hte Infektanf\u00e4lligkeit, eine vermehrte Neigung zu Allergien, M\u00fcdigkeit und Depressionen.Um als Nicht-Veganer*in oder Veganer*in einem Vitamin-D-Mangel vorzubeugen, sind&nbsp;<strong>l\u00e4ngere Spazierg\u00e4nge und Aufenthalte im Freien<\/strong>&nbsp;sehr zu empfehlen. Zus\u00e4tzlich kannst du mit angereicherten Lebensmitteln oder Nahrungs&shy;erg\u00e4nzungs&shy;mitteln deinen Bedarf decken. Als besonders empfehlenswert gelten Vitamin-D3-Pr\u00e4parate. Wurden diese bis vor einigen Jahren noch aus Tierfett gewonnen, gibt es sie mittlerweile auch vegan. Vitamin D3 wird hierbei aus Flechten hergestellt. Bei h\u00f6heren Dosierungen von Vitamin D3 wird eine zus\u00e4tzliche Einnahme von Vitamin K2 empfohlen, das als veganes Pr\u00e4parat ebenfalls erh\u00e4ltlich ist.<\/p>\n\n\n\n<h2 class=\"wp-block-heading\">Vitaminmangel durch unzureichende Resorption im Darm<\/h2>\n\n\n\n<p>Ein Vitaminmangel kann nicht nur auftreten, weil du dich vegan ern\u00e4hrst. Vitamine werden im Darm aus der Nahrung aufgenommen beziehungsweise resorbiert und anschlie\u00dfend dem Kreislauf zugef\u00fchrt. Ist der&nbsp;<strong>Darm aus der Balance<\/strong>, ist die&nbsp;<strong>Wahrscheinlichkeit von Mangelerscheinungen<\/strong>&nbsp;durch einen Vitaminmangel sehr hoch. Dies tritt h\u00e4ufig bei chronischen Durchf\u00e4llen auf, in Folge&nbsp;<a href=\"http:\/\/biomes.world\/de\/wissenswertes\/darm\/darmentzuendung\/\">entz\u00fcndlicher Darmerkrankungen<\/a>&nbsp;oder aufgrund einer durch Antibiotika gesch\u00e4digten Darmflora.Um herauszufinden, ob die Ursache f\u00fcr deinen Vitaminmangel in deinem Darm liegt, empfiehlt sich eine Darmflora-Analyse. Mit dem Darmtest&nbsp;<a href=\"https:\/\/shop.biomes.world\/\"><strong>INTEST<\/strong>.pro<\/a>&nbsp;von&nbsp;<strong>BIOMES<\/strong>&nbsp;bekommst du Aufschluss \u00fcber Schwachstellen deiner Darmflora. Au\u00dferdem kannst du dir anhand der Testergebnisse einen individuellen Ern\u00e4hrungsplan erstellen lassen. Mit diesem kannst du dir sicher sein, dass du eine ausgewogene Menge an verschiedensten Nahrungsmitteln aufnimmst und somit kein Risiko eines Vitaminmangels besteht.<\/p>\n","protected":false},"excerpt":{"rendered":"<p>Vitamine sind essenziell f\u00fcr eine ausgewogene Ern\u00e4hrung und f\u00f6rdern Wachstum, Vitalit\u00e4t und Wohlbefinden. Mangelerscheinungen geh\u00f6ren zu den&nbsp;Risiken einer veganen Ern\u00e4hrung. Die wohl gr\u00f6\u00dfte Gef\u00e4hrdung f\u00fcr Veganer*innen stellt ein Mangel an Vitamin B12 dar. B12 ist ein essenzielles Vitamin, das gro\u00dfen Einfluss auf die Gesundheit des Nervensystems hat. Ein Mangel kann zu Blutarmut oder langfristigen Nervensch\u00e4digungen [&#8230;]<\/p>\n","protected":false},"author":3168,"featured_media":573250,"comment_status":"closed","ping_status":"closed","sticky":false,"template":"","format":"standard","meta":{"_acf_changed":false,"footnotes":""},"categories":[2250],"tags":[],"class_list":["post-187644","post","type-post","status-publish","format-standard","has-post-thumbnail","hentry","category-vegan"],"acf":[],"yoast_head":"<!-- This site is optimized with the Yoast SEO plugin v27.4 - https:\/\/yoast.com\/product\/yoast-seo-wordpress\/ -->\n<title>Unbeschwert vegan: Vitamin-B12-Mangel vermeiden | BIOMES<\/title>\n<meta name=\"description\" content=\"H\u00e4ufig ist ein Mangel an Vitamin B12 Folge einer veganen Ern\u00e4hrung. Doch du kannst solcher Unterversorgung an Vitaminen vorbeugen.\" \/>\n<meta name=\"robots\" content=\"index, follow, max-snippet:-1, max-image-preview:large, max-video-preview:-1\" \/>\n<link rel=\"canonical\" href=\"https:\/\/biomes.world\/de\/wissenswertes\/ernaehrung\/vegan\/vegan-vitamine\/\" \/>\n<meta property=\"og:locale\" content=\"de_DE\" \/>\n<meta property=\"og:type\" content=\"article\" \/>\n<meta property=\"og:title\" content=\"Unbeschwert vegan: Vitamin-B12-Mangel vermeiden | BIOMES\" \/>\n<meta property=\"og:description\" content=\"H\u00e4ufig ist ein Mangel an Vitamin B12 Folge einer veganen Ern\u00e4hrung. Doch du kannst solcher Unterversorgung an Vitaminen vorbeugen.\" \/>\n<meta property=\"og:url\" content=\"https:\/\/biomes.world\/de\/wissenswertes\/ernaehrung\/vegan\/vegan-vitamine\/\" \/>\n<meta property=\"og:site_name\" content=\"BIOMES - Feel better\" \/>\n<meta property=\"article:publisher\" content=\"https:\/\/de-de.facebook.com\/BIOMES.world\/\" \/>\n<meta property=\"article:published_time\" content=\"2019-07-30T07:05:20+00:00\" \/>\n<meta property=\"article:modified_time\" content=\"2023-03-02T13:24:12+00:00\" \/>\n<meta property=\"og:image\" content=\"https:\/\/biomes.world\/wp-content\/uploads\/2019\/07\/Depositphotos_176741686_xl-2015-1-scaled.jpg\" \/>\n\t<meta property=\"og:image:width\" content=\"2560\" \/>\n\t<meta property=\"og:image:height\" content=\"1707\" \/>\n\t<meta property=\"og:image:type\" content=\"image\/jpeg\" \/>\n<meta name=\"author\" content=\"Dr. Paul Hammer\" \/>\n<meta name=\"twitter:card\" content=\"summary_large_image\" \/>\n<meta name=\"twitter:label1\" content=\"Verfasst von\" \/>\n\t<meta name=\"twitter:data1\" content=\"Dr. Paul Hammer\" \/>\n\t<meta name=\"twitter:label2\" content=\"Gesch\u00e4tzte Lesezeit\" \/>\n\t<meta name=\"twitter:data2\" content=\"3\u00a0Minuten\" \/>\n<script type=\"application\/ld+json\" class=\"yoast-schema-graph\">{\"@context\":\"https:\\\/\\\/schema.org\",\"@graph\":[{\"@type\":\"Article\",\"@id\":\"https:\\\/\\\/biomes.world\\\/de\\\/wissenswertes\\\/ernaehrung\\\/vegan\\\/vegan-vitamine\\\/#article\",\"isPartOf\":{\"@id\":\"https:\\\/\\\/biomes.world\\\/de\\\/wissenswertes\\\/ernaehrung\\\/vegan\\\/vegan-vitamine\\\/\"},\"author\":{\"name\":\"Dr. Paul Hammer\",\"@id\":\"https:\\\/\\\/biomes.world\\\/de\\\/#\\\/schema\\\/person\\\/6ca9c5d1dd4da421e107092bf1235957\"},\"headline\":\"Vitaminmangel in der veganen Ern\u00e4hrung vermeiden\",\"datePublished\":\"2019-07-30T07:05:20+00:00\",\"dateModified\":\"2023-03-02T13:24:12+00:00\",\"mainEntityOfPage\":{\"@id\":\"https:\\\/\\\/biomes.world\\\/de\\\/wissenswertes\\\/ernaehrung\\\/vegan\\\/vegan-vitamine\\\/\"},\"wordCount\":793,\"publisher\":{\"@id\":\"https:\\\/\\\/biomes.world\\\/de\\\/#organization\"},\"image\":{\"@id\":\"https:\\\/\\\/biomes.world\\\/de\\\/wissenswertes\\\/ernaehrung\\\/vegan\\\/vegan-vitamine\\\/#primaryimage\"},\"thumbnailUrl\":\"https:\\\/\\\/biomes.world\\\/wp-content\\\/uploads\\\/2019\\\/07\\\/Depositphotos_176741686_xl-2015-1-scaled.jpg\",\"articleSection\":[\"Vegan\"],\"inLanguage\":\"de\"},{\"@type\":\"WebPage\",\"@id\":\"https:\\\/\\\/biomes.world\\\/de\\\/wissenswertes\\\/ernaehrung\\\/vegan\\\/vegan-vitamine\\\/\",\"url\":\"https:\\\/\\\/biomes.world\\\/de\\\/wissenswertes\\\/ernaehrung\\\/vegan\\\/vegan-vitamine\\\/\",\"name\":\"Unbeschwert vegan: Vitamin-B12-Mangel vermeiden | BIOMES\",\"isPartOf\":{\"@id\":\"https:\\\/\\\/biomes.world\\\/de\\\/#website\"},\"primaryImageOfPage\":{\"@id\":\"https:\\\/\\\/biomes.world\\\/de\\\/wissenswertes\\\/ernaehrung\\\/vegan\\\/vegan-vitamine\\\/#primaryimage\"},\"image\":{\"@id\":\"https:\\\/\\\/biomes.world\\\/de\\\/wissenswertes\\\/ernaehrung\\\/vegan\\\/vegan-vitamine\\\/#primaryimage\"},\"thumbnailUrl\":\"https:\\\/\\\/biomes.world\\\/wp-content\\\/uploads\\\/2019\\\/07\\\/Depositphotos_176741686_xl-2015-1-scaled.jpg\",\"datePublished\":\"2019-07-30T07:05:20+00:00\",\"dateModified\":\"2023-03-02T13:24:12+00:00\",\"description\":\"H\u00e4ufig ist ein Mangel an Vitamin B12 Folge einer veganen Ern\u00e4hrung. Doch du kannst solcher Unterversorgung an Vitaminen vorbeugen.\",\"breadcrumb\":{\"@id\":\"https:\\\/\\\/biomes.world\\\/de\\\/wissenswertes\\\/ernaehrung\\\/vegan\\\/vegan-vitamine\\\/#breadcrumb\"},\"inLanguage\":\"de\",\"potentialAction\":[{\"@type\":\"ReadAction\",\"target\":[\"https:\\\/\\\/biomes.world\\\/de\\\/wissenswertes\\\/ernaehrung\\\/vegan\\\/vegan-vitamine\\\/\"]}]},{\"@type\":\"ImageObject\",\"inLanguage\":\"de\",\"@id\":\"https:\\\/\\\/biomes.world\\\/de\\\/wissenswertes\\\/ernaehrung\\\/vegan\\\/vegan-vitamine\\\/#primaryimage\",\"url\":\"https:\\\/\\\/biomes.world\\\/wp-content\\\/uploads\\\/2019\\\/07\\\/Depositphotos_176741686_xl-2015-1-scaled.jpg\",\"contentUrl\":\"https:\\\/\\\/biomes.world\\\/wp-content\\\/uploads\\\/2019\\\/07\\\/Depositphotos_176741686_xl-2015-1-scaled.jpg\",\"width\":2560,\"height\":1707},{\"@type\":\"BreadcrumbList\",\"@id\":\"https:\\\/\\\/biomes.world\\\/de\\\/wissenswertes\\\/ernaehrung\\\/vegan\\\/vegan-vitamine\\\/#breadcrumb\",\"itemListElement\":[{\"@type\":\"ListItem\",\"position\":1,\"name\":\"Home\",\"item\":\"https:\\\/\\\/biomes.world\\\/de\\\/\"},{\"@type\":\"ListItem\",\"position\":2,\"name\":\"Vitaminmangel in der veganen Ern\u00e4hrung vermeiden\"}]},{\"@type\":\"WebSite\",\"@id\":\"https:\\\/\\\/biomes.world\\\/de\\\/#website\",\"url\":\"https:\\\/\\\/biomes.world\\\/de\\\/\",\"name\":\"BIOMES - Feel better\",\"description\":\"Cutting-edge biotechnology used to help people\",\"publisher\":{\"@id\":\"https:\\\/\\\/biomes.world\\\/de\\\/#organization\"},\"potentialAction\":[{\"@type\":\"SearchAction\",\"target\":{\"@type\":\"EntryPoint\",\"urlTemplate\":\"https:\\\/\\\/biomes.world\\\/de\\\/?s={search_term_string}\"},\"query-input\":{\"@type\":\"PropertyValueSpecification\",\"valueRequired\":true,\"valueName\":\"search_term_string\"}}],\"inLanguage\":\"de\"},{\"@type\":\"Organization\",\"@id\":\"https:\\\/\\\/biomes.world\\\/de\\\/#organization\",\"name\":\"BIOMES 4.0 GmbH\",\"url\":\"https:\\\/\\\/biomes.world\\\/de\\\/\",\"logo\":{\"@type\":\"ImageObject\",\"inLanguage\":\"de\",\"@id\":\"https:\\\/\\\/biomes.world\\\/de\\\/#\\\/schema\\\/logo\\\/image\\\/\",\"url\":\"https:\\\/\\\/biomes.world\\\/http:\\\/\\\/biomes.world\\\/wp-content\\\/uploads\\\/2024\\\/04\\\/biomes_logo_2021_RGB.png\",\"contentUrl\":\"https:\\\/\\\/biomes.world\\\/http:\\\/\\\/biomes.world\\\/wp-content\\\/uploads\\\/2024\\\/04\\\/biomes_logo_2021_RGB.png\",\"width\":10040,\"height\":2599,\"caption\":\"BIOMES 4.0 GmbH\"},\"image\":{\"@id\":\"https:\\\/\\\/biomes.world\\\/de\\\/#\\\/schema\\\/logo\\\/image\\\/\"},\"sameAs\":[\"https:\\\/\\\/de-de.facebook.com\\\/BIOMES.world\\\/\",\"https:\\\/\\\/www.youtube.com\\\/@BIOMESworld\",\"https:\\\/\\\/www.instagram.com\\\/biomes_official\\\/\"]},{\"@type\":\"Person\",\"@id\":\"https:\\\/\\\/biomes.world\\\/de\\\/#\\\/schema\\\/person\\\/6ca9c5d1dd4da421e107092bf1235957\",\"name\":\"Dr. Paul Hammer\",\"image\":{\"@type\":\"ImageObject\",\"inLanguage\":\"de\",\"@id\":\"https:\\\/\\\/secure.gravatar.com\\\/avatar\\\/7b9ca6439b8f81c0c7fdfcce69b1ac9671bb451f6222e3fdad8a5d69827081a7?s=96&d=mm&r=g\",\"url\":\"https:\\\/\\\/secure.gravatar.com\\\/avatar\\\/7b9ca6439b8f81c0c7fdfcce69b1ac9671bb451f6222e3fdad8a5d69827081a7?s=96&d=mm&r=g\",\"contentUrl\":\"https:\\\/\\\/secure.gravatar.com\\\/avatar\\\/7b9ca6439b8f81c0c7fdfcce69b1ac9671bb451f6222e3fdad8a5d69827081a7?s=96&d=mm&r=g\",\"caption\":\"Dr. Paul Hammer\"},\"description\":\"Dr. Paul Hammer ist Gr\u00fcnder und CEO der BIOMES 4.0 GmbH. Paul promovierte 2012 in Systembiologie und Bioinformatik.\",\"url\":\"https:\\\/\\\/biomes.world\\\/de\\\/author\\\/paul_hammer\\\/\"}]}<\/script>\n<!-- \/ Yoast SEO plugin. -->","yoast_head_json":{"title":"Unbeschwert vegan: Vitamin-B12-Mangel vermeiden | BIOMES","description":"H\u00e4ufig ist ein Mangel an Vitamin B12 Folge einer veganen Ern\u00e4hrung. Doch du kannst solcher Unterversorgung an Vitaminen vorbeugen.","robots":{"index":"index","follow":"follow","max-snippet":"max-snippet:-1","max-image-preview":"max-image-preview:large","max-video-preview":"max-video-preview:-1"},"canonical":"https:\/\/biomes.world\/de\/wissenswertes\/ernaehrung\/vegan\/vegan-vitamine\/","og_locale":"de_DE","og_type":"article","og_title":"Unbeschwert vegan: Vitamin-B12-Mangel vermeiden | BIOMES","og_description":"H\u00e4ufig ist ein Mangel an Vitamin B12 Folge einer veganen Ern\u00e4hrung. Doch du kannst solcher Unterversorgung an Vitaminen vorbeugen.","og_url":"https:\/\/biomes.world\/de\/wissenswertes\/ernaehrung\/vegan\/vegan-vitamine\/","og_site_name":"BIOMES - Feel better","article_publisher":"https:\/\/de-de.facebook.com\/BIOMES.world\/","article_published_time":"2019-07-30T07:05:20+00:00","article_modified_time":"2023-03-02T13:24:12+00:00","og_image":[{"width":2560,"height":1707,"url":"https:\/\/biomes.world\/wp-content\/uploads\/2019\/07\/Depositphotos_176741686_xl-2015-1-scaled.jpg","type":"image\/jpeg"}],"author":"Dr. Paul Hammer","twitter_card":"summary_large_image","twitter_misc":{"Verfasst von":"Dr. Paul Hammer","Gesch\u00e4tzte Lesezeit":"3\u00a0Minuten"},"schema":{"@context":"https:\/\/schema.org","@graph":[{"@type":"Article","@id":"https:\/\/biomes.world\/de\/wissenswertes\/ernaehrung\/vegan\/vegan-vitamine\/#article","isPartOf":{"@id":"https:\/\/biomes.world\/de\/wissenswertes\/ernaehrung\/vegan\/vegan-vitamine\/"},"author":{"name":"Dr. Paul Hammer","@id":"https:\/\/biomes.world\/de\/#\/schema\/person\/6ca9c5d1dd4da421e107092bf1235957"},"headline":"Vitaminmangel in der veganen Ern\u00e4hrung vermeiden","datePublished":"2019-07-30T07:05:20+00:00","dateModified":"2023-03-02T13:24:12+00:00","mainEntityOfPage":{"@id":"https:\/\/biomes.world\/de\/wissenswertes\/ernaehrung\/vegan\/vegan-vitamine\/"},"wordCount":793,"publisher":{"@id":"https:\/\/biomes.world\/de\/#organization"},"image":{"@id":"https:\/\/biomes.world\/de\/wissenswertes\/ernaehrung\/vegan\/vegan-vitamine\/#primaryimage"},"thumbnailUrl":"https:\/\/biomes.world\/wp-content\/uploads\/2019\/07\/Depositphotos_176741686_xl-2015-1-scaled.jpg","articleSection":["Vegan"],"inLanguage":"de"},{"@type":"WebPage","@id":"https:\/\/biomes.world\/de\/wissenswertes\/ernaehrung\/vegan\/vegan-vitamine\/","url":"https:\/\/biomes.world\/de\/wissenswertes\/ernaehrung\/vegan\/vegan-vitamine\/","name":"Unbeschwert vegan: Vitamin-B12-Mangel vermeiden | BIOMES","isPartOf":{"@id":"https:\/\/biomes.world\/de\/#website"},"primaryImageOfPage":{"@id":"https:\/\/biomes.world\/de\/wissenswertes\/ernaehrung\/vegan\/vegan-vitamine\/#primaryimage"},"image":{"@id":"https:\/\/biomes.world\/de\/wissenswertes\/ernaehrung\/vegan\/vegan-vitamine\/#primaryimage"},"thumbnailUrl":"https:\/\/biomes.world\/wp-content\/uploads\/2019\/07\/Depositphotos_176741686_xl-2015-1-scaled.jpg","datePublished":"2019-07-30T07:05:20+00:00","dateModified":"2023-03-02T13:24:12+00:00","description":"H\u00e4ufig ist ein Mangel an Vitamin B12 Folge einer veganen Ern\u00e4hrung. Doch du kannst solcher Unterversorgung an Vitaminen vorbeugen.","breadcrumb":{"@id":"https:\/\/biomes.world\/de\/wissenswertes\/ernaehrung\/vegan\/vegan-vitamine\/#breadcrumb"},"inLanguage":"de","potentialAction":[{"@type":"ReadAction","target":["https:\/\/biomes.world\/de\/wissenswertes\/ernaehrung\/vegan\/vegan-vitamine\/"]}]},{"@type":"ImageObject","inLanguage":"de","@id":"https:\/\/biomes.world\/de\/wissenswertes\/ernaehrung\/vegan\/vegan-vitamine\/#primaryimage","url":"https:\/\/biomes.world\/wp-content\/uploads\/2019\/07\/Depositphotos_176741686_xl-2015-1-scaled.jpg","contentUrl":"https:\/\/biomes.world\/wp-content\/uploads\/2019\/07\/Depositphotos_176741686_xl-2015-1-scaled.jpg","width":2560,"height":1707},{"@type":"BreadcrumbList","@id":"https:\/\/biomes.world\/de\/wissenswertes\/ernaehrung\/vegan\/vegan-vitamine\/#breadcrumb","itemListElement":[{"@type":"ListItem","position":1,"name":"Home","item":"https:\/\/biomes.world\/de\/"},{"@type":"ListItem","position":2,"name":"Vitaminmangel in der veganen Ern\u00e4hrung vermeiden"}]},{"@type":"WebSite","@id":"https:\/\/biomes.world\/de\/#website","url":"https:\/\/biomes.world\/de\/","name":"BIOMES - Feel better","description":"Cutting-edge biotechnology used to help people","publisher":{"@id":"https:\/\/biomes.world\/de\/#organization"},"potentialAction":[{"@type":"SearchAction","target":{"@type":"EntryPoint","urlTemplate":"https:\/\/biomes.world\/de\/?s={search_term_string}"},"query-input":{"@type":"PropertyValueSpecification","valueRequired":true,"valueName":"search_term_string"}}],"inLanguage":"de"},{"@type":"Organization","@id":"https:\/\/biomes.world\/de\/#organization","name":"BIOMES 4.0 GmbH","url":"https:\/\/biomes.world\/de\/","logo":{"@type":"ImageObject","inLanguage":"de","@id":"https:\/\/biomes.world\/de\/#\/schema\/logo\/image\/","url":"https:\/\/biomes.world\/http:\/\/biomes.world\/wp-content\/uploads\/2024\/04\/biomes_logo_2021_RGB.png","contentUrl":"https:\/\/biomes.world\/http:\/\/biomes.world\/wp-content\/uploads\/2024\/04\/biomes_logo_2021_RGB.png","width":10040,"height":2599,"caption":"BIOMES 4.0 GmbH"},"image":{"@id":"https:\/\/biomes.world\/de\/#\/schema\/logo\/image\/"},"sameAs":["https:\/\/de-de.facebook.com\/BIOMES.world\/","https:\/\/www.youtube.com\/@BIOMESworld","https:\/\/www.instagram.com\/biomes_official\/"]},{"@type":"Person","@id":"https:\/\/biomes.world\/de\/#\/schema\/person\/6ca9c5d1dd4da421e107092bf1235957","name":"Dr. Paul Hammer","image":{"@type":"ImageObject","inLanguage":"de","@id":"https:\/\/secure.gravatar.com\/avatar\/7b9ca6439b8f81c0c7fdfcce69b1ac9671bb451f6222e3fdad8a5d69827081a7?s=96&d=mm&r=g","url":"https:\/\/secure.gravatar.com\/avatar\/7b9ca6439b8f81c0c7fdfcce69b1ac9671bb451f6222e3fdad8a5d69827081a7?s=96&d=mm&r=g","contentUrl":"https:\/\/secure.gravatar.com\/avatar\/7b9ca6439b8f81c0c7fdfcce69b1ac9671bb451f6222e3fdad8a5d69827081a7?s=96&d=mm&r=g","caption":"Dr. Paul Hammer"},"description":"Dr. Paul Hammer ist Gr\u00fcnder und CEO der BIOMES 4.0 GmbH. Paul promovierte 2012 in Systembiologie und Bioinformatik.","url":"https:\/\/biomes.world\/de\/author\/paul_hammer\/"}]}},"_links":{"self":[{"href":"https:\/\/biomes.world\/de\/wp-json\/wp\/v2\/posts\/187644","targetHints":{"allow":["GET"]}}],"collection":[{"href":"https:\/\/biomes.world\/de\/wp-json\/wp\/v2\/posts"}],"about":[{"href":"https:\/\/biomes.world\/de\/wp-json\/wp\/v2\/types\/post"}],"author":[{"embeddable":true,"href":"https:\/\/biomes.world\/de\/wp-json\/wp\/v2\/users\/3168"}],"replies":[{"embeddable":true,"href":"https:\/\/biomes.world\/de\/wp-json\/wp\/v2\/comments?post=187644"}],"version-history":[{"count":0,"href":"https:\/\/biomes.world\/de\/wp-json\/wp\/v2\/posts\/187644\/revisions"}],"wp:featuredmedia":[{"embeddable":true,"href":"https:\/\/biomes.world\/de\/wp-json\/wp\/v2\/media\/573250"}],"wp:attachment":[{"href":"https:\/\/biomes.world\/de\/wp-json\/wp\/v2\/media?parent=187644"}],"wp:term":[{"taxonomy":"category","embeddable":true,"href":"https:\/\/biomes.world\/de\/wp-json\/wp\/v2\/categories?post=187644"},{"taxonomy":"post_tag","embeddable":true,"href":"https:\/\/biomes.world\/de\/wp-json\/wp\/v2\/tags?post=187644"}],"curies":[{"name":"wp","href":"https:\/\/api.w.org\/{rel}","templated":true}]}}