{"id":132124,"date":"2018-12-03T11:00:29","date_gmt":"2018-12-03T10:00:29","guid":{"rendered":"http:\/\/biomes.world\/?p=132124"},"modified":"2021-09-29T11:56:10","modified_gmt":"2021-09-29T09:56:10","slug":"deutscher-darmflora-selbsttest-wird-mit-alibabas-prize-for-excellence-ausgezeichnet","status":"publish","type":"post","link":"https:\/\/biomes.world\/de\/presseportal\/deutscher-darmflora-selbsttest-wird-mit-alibabas-prize-for-excellence-ausgezeichnet\/","title":{"rendered":"Deutscher Darmflora-Selbsttest wird mit Alibabas \u201ePrize for Excellence\u201c ausgezeichnet"},"content":{"rendered":"<p><strong>Hangzhou (China) \/ Wildau (Germany), 03. Dezember 2018 &#8211; <\/strong><strong>Das junge Biotech- und Lifesciences Startup Biomes \u00fcberzeugte die hochkar\u00e4tige Jury des <a href=\"https:\/\/www.alibabacloud.com\/startup\/create-2018?spm=a3c0i.12281450.1260594.3.56935cbardwT22\">Create@Alibaba Cloud Startup Contest<\/a> (CACSC)<\/strong> <strong>von seiner europ\u00e4ischen Vorreiterrolle auf dem Gebiet der Darmflora-Analyse. Ausgezeichnet mit dem \u201ePrize for Excellence\u201c ist Biomes einer der Gewinner aus 53 internationalen Finalisten.<\/strong><\/p>\n<p>Auszeichnungen unterst\u00fctzen junge Unternehmen dabei, die Qualit\u00e4t ihrer Arbeit und ihrer Produkte zu unterstreichen sowie das Interesse potentieller Investoren auf sich zu ziehen. Vor allem Pitches auf internationalen B\u00fchnen sind einmalige Chancen, Fu\u00df auf global aufgestellten M\u00e4rkten zu fassen und \u00fcber die deutschen Grenzen hinaus bekannt zu werden.<\/p>\n<p>Diese Gelegenheit nutzte vor kurzem auch <strong>BIOMES<\/strong>, das deutsche Startup mit Biotech-Wurzeln. Das Team rund um Gesch\u00e4ftsf\u00fchrer Dr. Paul Hammer \u00fcberzeugte die internationale Jury des CACSCs mit seiner umfassenden Mikrobiom-Analyse <strong>INTEST.<\/strong>pro und au\u00dfergew\u00f6hnlichen Wachstumsraten. Im Vorfeld des Finales in Hangzhou, dem Hauptsitz der Alibaba Group (<a href=\"http:\/\/www.alibabacloud.com\">www.alibabacloud.com<\/a>), schlug sich das Unternehmen bereits zur Startup Night in Berlin sowie gegen zahlreiche Wettbewerber in Wuhan erfolgreich durch und schaffte es so schlie\u00dflich ins Finale. Letztendlich \u00fcberzeugte <strong>BIOMES<\/strong> die internationale Jury mit ihrer revolution\u00e4ren Mikrobiom-Analyse <strong>INTEST.<\/strong>pro und wurde als einziges nicht-asiatisches Unternehmen mit dem \u201ePrize for Excellence\u201c ausgezeichnet.<\/p>\n<p>\u201eNat\u00fcrlich freuen wir uns sehr \u00fcber diese internationale Auszeichnung. Jedoch sind wir nicht nur um den Award reicher, sondern vor allem auch um die einzigartigen Erfahrungen, die wir w\u00e4hrend des Contests und der Reise nach Fernost gesammelt haben. Wir haben Einblicke in das Alibaba Group-\u00d6kosystem sowie erste Kontakte zu chinesischen VCs, Gesch\u00e4ftsf\u00fchrern und weiteren einflussreichen europ\u00e4ischen und in China ans\u00e4ssigen F\u00fchrungskr\u00e4ften gesammelt\u201c, so Christin G\u00fcnther, CPO &amp; Co-Founder von <strong>BIOMES<\/strong>.<\/p>\n<p><strong>BIOMES<\/strong> hat mit dem Selbsttest die erste DNA-basierte Darmflora-Analyse auf den Markt gebracht, die die Gesamtheit aller bekannten Bakterien-Genome im menschlichen Darm identifiziert. <strong>BIOMES<\/strong> ist damit nicht nur technologischer Vorreiter im europ\u00e4ischen Markt, sondern europaweit der einzige Anbieter, der modernste biotechnologische Verfahren mit bezahlbaren, anwenderfreundlichen Services verbindet, wobei alle Prozessabl\u00e4ufe (inkl. Labor) inhouse erfolgen. Der CACSC besteht aus einer Reihe von Wettbewerben f\u00fcr Startups im Technologiebereich, der vom Alibaba Innovation Center (AIC) in Zusammenarbeit mit internationalen Medien, Risikokapitalinvestoren, Partnern und F\u00fchrungskr\u00e4ften aus der ganzen Welt u.a. mit hochwertigen Geldpreisen gesponsert wird. Zu den diesj\u00e4hrigen Gewinnern z\u00e4hlten \u00fcberwiegend chinesische Unternehmen. So wurde das Projekt Nano-Silver Flexible Touch Control aus Macau zum Grand Champion gek\u00fcrt und daf\u00fcr mit 50.000 USD ausgezeichnet. Weitere vordere Pl\u00e4tze belegten Projekte aus China und S\u00fcdkorea.<\/p>\n\n<div class=\"post__entries site-blockspace--both\"><div class=\"post__slide lg-up-3 md-up-2 xs-up-1 row\"><div class=\"post__item post column\"><div class=\"post__content\"><a href=\"https:\/\/biomes.world\/de\/presseportal\/neuer-darmfloratest-fuer-hunde\/\" class=\"post__thumbnail\" tabindex=\"0\"><img loading=\"lazy\" decoding=\"async\" width=\"800\" height=\"470\" src=\"https:\/\/biomes.world\/wp-content\/uploads\/2023\/06\/iStock-1137398995-1-800x470.jpg\" class=\"attachment-post-thumbnail size-post-thumbnail wp-post-image\" alt=\"Bildbeschreibung\" srcset=\"https:\/\/biomes.world\/wp-content\/uploads\/2023\/06\/iStock-1137398995-1-800x470.jpg 800w, https:\/\/biomes.world\/wp-content\/uploads\/2023\/06\/iStock-1137398995-1-400x235.jpg 400w\" sizes=\"auto, (max-width: 800px) 100vw, 800px\" \/><\/a><div class=\"entry\"><div class=\"entry__meta\"><span class=\"meta__posted-on\">Ver\u00f6ffentlicht am <time class=\"meta__date meta__date--published\" datetime=\"2023-06-26T14:58:22+02:00\" itemprop=\"datePublished\">26. Juni 2023<\/time><time class=\"meta__date--updated\" datetime=\"2023-06-26T14:58:28+02:00\" itemprop=\"dateModified\"><\/time><\/span><\/div><div class=\"entry__header\"><div class=\"entry__title h2\"><a href=\"https:\/\/biomes.world\/de\/presseportal\/neuer-darmfloratest-fuer-hunde\/\">Neuer Darmfloratest f\u00fcr Hunde<\/a><\/div><\/div><div class=\"entry__excerpt\"><p>Studien best\u00e4tigen Bedeutung der Mikrobiom-Gesundheit beim Hund Wildau, 26. Juni 2023 \u2013 Studien belegen, dass Gesundheit und Wohlbefinden unserer geliebten [...]<\/p><\/div><\/div><\/div><\/div><div class=\"post__item post column\"><div class=\"post__content\"><a href=\"https:\/\/biomes.world\/de\/presseportal\/kindliche-darmflora-besonders-anfaellig-fuer-krankeitserreger\/\" class=\"post__thumbnail\" tabindex=\"0\"><img loading=\"lazy\" decoding=\"async\" width=\"800\" height=\"470\" src=\"https:\/\/biomes.world\/wp-content\/uploads\/2023\/04\/Mutter_mit_Sohn_See-pr-scaled-800x470.jpg\" class=\"attachment-post-thumbnail size-post-thumbnail wp-post-image\" alt=\"Mutter und Sohn sitzen auf einem Holzsteg am Wasser, genie\u00dfen die Zeit miteinander in der Abendsonne, was die wichtige Bindung und positive Einfl\u00fcsse auf die kindliche Gesundheit symbolisiert.\" srcset=\"https:\/\/biomes.world\/wp-content\/uploads\/2023\/04\/Mutter_mit_Sohn_See-pr-scaled-800x470.jpg 800w, https:\/\/biomes.world\/wp-content\/uploads\/2023\/04\/Mutter_mit_Sohn_See-pr-scaled-400x235.jpg 400w\" sizes=\"auto, (max-width: 800px) 100vw, 800px\" \/><\/a><div class=\"entry\"><div class=\"entry__meta\"><span class=\"meta__posted-on\">Ver\u00f6ffentlicht am <time class=\"meta__date meta__date--published\" datetime=\"2023-04-13T17:10:44+02:00\" itemprop=\"datePublished\">13. April 2023<\/time><time class=\"meta__date--updated\" datetime=\"2023-04-13T17:10:58+02:00\" itemprop=\"dateModified\"><\/time><\/span><\/div><div class=\"entry__header\"><div class=\"entry__title h2\"><a href=\"https:\/\/biomes.world\/de\/presseportal\/kindliche-darmflora-besonders-anfaellig-fuer-krankeitserreger\/\">Kindliche Darmflora besonders anf\u00e4llig f\u00fcr Krankeitserreger<\/a><\/div><\/div><div class=\"entry__excerpt\"><p>Launch vom Kinder-Darmtest f\u00fcr gezielten Aufbau der Darmflora Wildau, 17. April 2023 \u2013 Die Darmflora von Kindern ist hohen Belastungen [...]<\/p><\/div><\/div><\/div><\/div><div class=\"post__item post column\"><div class=\"post__content\"><a href=\"https:\/\/biomes.world\/de\/presseportal\/gesunder-darm-gesunder-schlaf\/\" class=\"post__thumbnail\" tabindex=\"0\"><img loading=\"lazy\" decoding=\"async\" width=\"800\" height=\"470\" src=\"https:\/\/biomes.world\/wp-content\/uploads\/2021\/08\/Schlaf_Copyright-Unsplash-Damir-Spanic-800x470.jpg\" class=\"attachment-post-thumbnail size-post-thumbnail wp-post-image\" alt=\"Frau schl\u00e4ft friedlich im Bett mit wei\u00dfen Bettlaken, neben ihr steht eine Tasse und ein Laptop, symbolisiert den Zusammenhang zwischen gesundem Darm und erholsamem Schlaf.\" srcset=\"https:\/\/biomes.world\/wp-content\/uploads\/2021\/08\/Schlaf_Copyright-Unsplash-Damir-Spanic-800x470.jpg 800w, https:\/\/biomes.world\/wp-content\/uploads\/2021\/08\/Schlaf_Copyright-Unsplash-Damir-Spanic-400x235.jpg 400w\" sizes=\"auto, (max-width: 800px) 100vw, 800px\" \/><\/a><div class=\"entry\"><div class=\"entry__meta\"><span class=\"meta__posted-on\">Ver\u00f6ffentlicht am <time class=\"meta__date meta__date--published\" datetime=\"2021-08-31T10:32:10+02:00\" itemprop=\"datePublished\">31. August 2021<\/time><time class=\"meta__date--updated\" datetime=\"2023-03-02T12:16:07+01:00\" itemprop=\"dateModified\"><\/time><\/span><\/div><div class=\"entry__header\"><div class=\"entry__title h2\"><a href=\"https:\/\/biomes.world\/de\/presseportal\/gesunder-darm-gesunder-schlaf\/\">Gesunder Darm, gesunder Schlaf?<\/a><\/div><\/div><div class=\"entry__excerpt\"><p>Gesunder Darm, gesunder Schlaf? Wildau, 25. August 2021 \u2013 Jede*r dritte Deutsche schl\u00e4ft seit der Covid-19 Pandemie schlechter. Das ergab [...]<\/p><\/div><\/div><\/div><\/div><div class=\"post__item post column\"><div class=\"post__content\"><a href=\"https:\/\/biomes.world\/de\/presseportal\/bundeskanzlerkandidat-olaf-scholz-besucht-brandenburger-biotechnologie-start-up-biomes\/\" class=\"post__thumbnail\" tabindex=\"0\"><img loading=\"lazy\" decoding=\"async\" width=\"800\" height=\"470\" src=\"https:\/\/biomes.world\/wp-content\/uploads\/2021\/08\/DSC09291-800x470.jpg\" class=\"attachment-post-thumbnail size-post-thumbnail wp-post-image\" alt=\"Bundeskanzlerkandidat Olaf Scholz besucht das Brandenburger Biotechnologie-Start-Up BIOMES, w\u00e4hrend er mit einem Mitarbeiter spricht. Beide tragen Masken und stehen vor einem modernen Geb\u00e4ude.\" srcset=\"https:\/\/biomes.world\/wp-content\/uploads\/2021\/08\/DSC09291-800x470.jpg 800w, https:\/\/biomes.world\/wp-content\/uploads\/2021\/08\/DSC09291-400x235.jpg 400w\" sizes=\"auto, (max-width: 800px) 100vw, 800px\" \/><\/a><div class=\"entry\"><div class=\"entry__meta\"><span class=\"meta__posted-on\">Ver\u00f6ffentlicht am <time class=\"meta__date meta__date--published\" datetime=\"2021-08-20T11:24:13+02:00\" itemprop=\"datePublished\">20. August 2021<\/time><time class=\"meta__date--updated\" datetime=\"2023-05-05T11:12:36+02:00\" itemprop=\"dateModified\"><\/time><\/span><\/div><div class=\"entry__header\"><div class=\"entry__title h2\"><a href=\"https:\/\/biomes.world\/de\/presseportal\/bundeskanzlerkandidat-olaf-scholz-besucht-brandenburger-biotechnologie-start-up-biomes\/\">Bundeskanzlerkandidat Olaf Scholz besucht Brandenburger Biotechnologie-Start-Up BIOMES<\/a><\/div><\/div><div class=\"entry__excerpt\"><p>Bundeskanzlerkandidat Olaf Scholz besucht Brandenburger Biotechnologie-Start-Up BIOMES CEO Paul Hammer fordert klare Richtlinien f\u00fcr dem Umgang mit Gentechnologien&nbsp; Wildau, 20. [...]<\/p><\/div><\/div><\/div><\/div><div class=\"post__item post column\"><div class=\"post__content\"><a href=\"https:\/\/biomes.world\/de\/presseportal\/veggie-boom-wie-gesund-ist-fleischlos-wirklich\/\" class=\"post__thumbnail\" tabindex=\"0\"><img loading=\"lazy\" decoding=\"async\" width=\"800\" height=\"470\" src=\"https:\/\/biomes.world\/wp-content\/uploads\/2021\/07\/gemueseauflauf_mit_vollkornpenne-800x470.jpg\" class=\"attachment-post-thumbnail size-post-thumbnail wp-post-image\" alt=\"Vollkorn-Pasta in einer Holzsch\u00fcssel umgeben von frischem Gem\u00fcse wie Brokkoli, Zucchini, gr\u00fcnen Bohnen, roten Paprika und Kirschtomaten sowie Oliven\u00f6l auf einem Holzbrett. Ideal f\u00fcr gesunde Rezepte zur Unterst\u00fctzung der Darmbakterien.\" srcset=\"https:\/\/biomes.world\/wp-content\/uploads\/2021\/07\/gemueseauflauf_mit_vollkornpenne-800x470.jpg 800w, https:\/\/biomes.world\/wp-content\/uploads\/2021\/07\/gemueseauflauf_mit_vollkornpenne-400x235.jpg 400w\" sizes=\"auto, (max-width: 800px) 100vw, 800px\" \/><\/a><div class=\"entry\"><div class=\"entry__meta\"><span class=\"meta__posted-on\">Ver\u00f6ffentlicht am <time class=\"meta__date meta__date--published\" datetime=\"2021-07-28T10:00:26+02:00\" itemprop=\"datePublished\">28. Juli 2021<\/time><time class=\"meta__date--updated\" datetime=\"2022-08-08T13:34:03+02:00\" itemprop=\"dateModified\"><\/time><\/span><\/div><div class=\"entry__header\"><div class=\"entry__title h2\"><a href=\"https:\/\/biomes.world\/de\/presseportal\/veggie-boom-wie-gesund-ist-fleischlos-wirklich\/\">Veggie-Boom: Wie gesund ist fleischlos wirklich?<\/a><\/div><\/div><div class=\"entry__excerpt\"><p>Veggie-Boom: Wie gesund ist fleischlos wirklich? Wildau, 26. Juli 2021 \u2013 Immer mehr Menschen verzichten auf Fleisch oder insgesamt auf [...]<\/p><\/div><\/div><\/div><\/div><div class=\"post__item post column\"><div class=\"post__content\"><a href=\"https:\/\/biomes.world\/de\/presseportal\/umfrage-zeig-veraenderungen-waehrend-corona-pandemie\/\" class=\"post__thumbnail\" tabindex=\"0\"><img loading=\"lazy\" decoding=\"async\" width=\"800\" height=\"470\" src=\"https:\/\/biomes.world\/wp-content\/uploads\/2021\/06\/Depositphotos_167636164_s-2019-800x470.jpg\" class=\"attachment-post-thumbnail size-post-thumbnail wp-post-image\" alt=\"\u00dcbersicht: Fr\u00fchst\u00fcck mit gesundem Essen am Tisch.\" srcset=\"https:\/\/biomes.world\/wp-content\/uploads\/2021\/06\/Depositphotos_167636164_s-2019-800x470.jpg 800w, https:\/\/biomes.world\/wp-content\/uploads\/2021\/06\/Depositphotos_167636164_s-2019-400x235.jpg 400w\" sizes=\"auto, (max-width: 800px) 100vw, 800px\" \/><\/a><div class=\"entry\"><div class=\"entry__meta\"><span class=\"meta__posted-on\">Ver\u00f6ffentlicht am <time class=\"meta__date meta__date--published\" datetime=\"2021-06-29T10:55:13+02:00\" itemprop=\"datePublished\">29. Juni 2021<\/time><time class=\"meta__date--updated\" datetime=\"2023-03-02T12:13:49+01:00\" itemprop=\"dateModified\"><\/time><\/span><\/div><div class=\"entry__header\"><div class=\"entry__title h2\"><a href=\"https:\/\/biomes.world\/de\/presseportal\/umfrage-zeig-veraenderungen-waehrend-corona-pandemie\/\">Umfrage zeigt: Jede*r Dritte nahm w\u00e4hrend der Corona Pandemie zu, ebenso viele stellten die eigene Ern\u00e4hrung um<\/a><\/div><\/div><div class=\"entry__excerpt\"><p>Umfrage zeigt: Jede*r Dritte nahm w\u00e4hrend der Corona Pandemie zu, ebenso viele stellten die eigene Ern\u00e4hrung um Wildau, 29. Juni [...]<\/p><\/div><\/div><\/div><\/div><div class=\"post__item post column\"><div class=\"post__content\"><a href=\"https:\/\/biomes.world\/de\/presseportal\/tipps-die-bei-akne-helfen\/\" class=\"post__thumbnail\" tabindex=\"0\"><img loading=\"lazy\" decoding=\"async\" width=\"800\" height=\"470\" src=\"https:\/\/biomes.world\/wp-content\/uploads\/2021\/04\/Depositphotos_25289871_s-2019-800x470.jpg\" class=\"attachment-post-thumbnail size-post-thumbnail wp-post-image\" alt=\"L\u00e4chelnde Frau mit lockigem Haar, die ihre Haut ber\u00fchrt, symbolisiert Tipps gegen Akne und die Verbindung zwischen Hautgesundheit und Verdauung.\" srcset=\"https:\/\/biomes.world\/wp-content\/uploads\/2021\/04\/Depositphotos_25289871_s-2019-800x470.jpg 800w, https:\/\/biomes.world\/wp-content\/uploads\/2021\/04\/Depositphotos_25289871_s-2019-400x235.jpg 400w\" sizes=\"auto, (max-width: 800px) 100vw, 800px\" \/><\/a><div class=\"entry\"><div class=\"entry__meta\"><span class=\"meta__posted-on\">Ver\u00f6ffentlicht am <time class=\"meta__date meta__date--published\" datetime=\"2021-05-26T10:48:47+02:00\" itemprop=\"datePublished\">26. Mai 2021<\/time><time class=\"meta__date--updated\" datetime=\"2022-08-05T11:11:26+02:00\" itemprop=\"dateModified\"><\/time><\/span><\/div><div class=\"entry__header\"><div class=\"entry__title h2\"><a href=\"https:\/\/biomes.world\/de\/presseportal\/tipps-die-bei-akne-helfen\/\">Die Haut als Spiegel unserer Verdauung: 5 Tipps, die bei Akne &amp; Co. helfen<\/a><\/div><\/div><div class=\"entry__excerpt\"><p>Die Haut als Spiegel unserer Verdauung: 5 Tipps, die bei Akne &amp; Co. helfen Wildau, 26. Mai 2021 \u2013 Wer [...]<\/p><\/div><\/div><\/div><\/div><div class=\"post__item post column\"><div class=\"post__content\"><a href=\"https:\/\/biomes.world\/de\/presseportal\/koerperlich-und-geistig-jung-bleiben-drei-darmflora-tipps-fuer-mehr-vitalitaet-ab-50\/\" class=\"post__thumbnail\" tabindex=\"0\"><img loading=\"lazy\" decoding=\"async\" width=\"800\" height=\"470\" src=\"https:\/\/biomes.world\/wp-content\/uploads\/2021\/05\/Gesund_kochen_Copyright-Unsplash_Conscious-Design-e1618856014802-1200x480-1-800x470.jpg\" class=\"attachment-post-thumbnail size-post-thumbnail wp-post-image\" alt=\"L\u00e4chelnde Frau in einer K\u00fcche, die frisches Obst in einer Sch\u00fcssel betrachtet, w\u00e4hrend sie Tipps gegen Akne und eine gesunde Verdauung teilt.\" srcset=\"https:\/\/biomes.world\/wp-content\/uploads\/2021\/05\/Gesund_kochen_Copyright-Unsplash_Conscious-Design-e1618856014802-1200x480-1-800x470.jpg 800w, https:\/\/biomes.world\/wp-content\/uploads\/2021\/05\/Gesund_kochen_Copyright-Unsplash_Conscious-Design-e1618856014802-1200x480-1-400x235.jpg 400w\" sizes=\"auto, (max-width: 800px) 100vw, 800px\" \/><\/a><div class=\"entry\"><div class=\"entry__meta\"><span class=\"meta__posted-on\">Ver\u00f6ffentlicht am <time class=\"meta__date meta__date--published\" datetime=\"2021-04-20T10:07:27+02:00\" itemprop=\"datePublished\">20. April 2021<\/time><time class=\"meta__date--updated\" datetime=\"2022-08-08T14:00:11+02:00\" itemprop=\"dateModified\"><\/time><\/span><\/div><div class=\"entry__header\"><div class=\"entry__title h2\"><a href=\"https:\/\/biomes.world\/de\/presseportal\/koerperlich-und-geistig-jung-bleiben-drei-darmflora-tipps-fuer-mehr-vitalitaet-ab-50\/\">K\u00f6rperlich und geistig jung bleiben: Drei Darmflora-Tipps f\u00fcr mehr Vitalit\u00e4t ab 50<\/a><\/div><\/div><div class=\"entry__excerpt\"><p>K\u00f6rperlich und geistig jung bleiben: Drei Darmflora-Tipps f\u00fcr mehr Vitalit\u00e4t ab 50K\u00f6rperlich jung bleiben Wildau, 20. April 2021 \u2013 Die [...]<\/p><\/div><\/div><\/div><\/div><div class=\"post__item post column\"><div class=\"post__content\"><a href=\"https:\/\/biomes.world\/de\/presseportal\/studie-belegt-heilfasten-wirkt-sich-positiv-auf-darmflora-aus\/\" class=\"post__thumbnail\" tabindex=\"0\"><img loading=\"lazy\" decoding=\"async\" width=\"800\" height=\"470\" src=\"https:\/\/biomes.world\/wp-content\/uploads\/2021\/05\/Orangensaft_Copyright-Unsplash-Rene-Lehmkuhl-1200x480-1-800x470.jpg\" class=\"attachment-post-thumbnail size-post-thumbnail wp-post-image\" alt=\"Frische Orange und Glas mit Orangensaft auf einem Tisch, umgeben von Orangenscheiben und einem Holzbrett, symbolisieren gesunde Ern\u00e4hrung und die positiven Effekte von Heilfasten auf die Darmflora.\" srcset=\"https:\/\/biomes.world\/wp-content\/uploads\/2021\/05\/Orangensaft_Copyright-Unsplash-Rene-Lehmkuhl-1200x480-1-800x470.jpg 800w, https:\/\/biomes.world\/wp-content\/uploads\/2021\/05\/Orangensaft_Copyright-Unsplash-Rene-Lehmkuhl-1200x480-1-400x235.jpg 400w\" sizes=\"auto, (max-width: 800px) 100vw, 800px\" \/><\/a><div class=\"entry\"><div class=\"entry__meta\"><span class=\"meta__posted-on\">Ver\u00f6ffentlicht am <time class=\"meta__date meta__date--published\" datetime=\"2021-03-22T10:00:44+01:00\" itemprop=\"datePublished\">22. M\u00e4rz 2021<\/time><time class=\"meta__date--updated\" datetime=\"2022-08-05T11:11:40+02:00\" itemprop=\"dateModified\"><\/time><\/span><\/div><div class=\"entry__header\"><div class=\"entry__title h2\"><a href=\"https:\/\/biomes.world\/de\/presseportal\/studie-belegt-heilfasten-wirkt-sich-positiv-auf-darmflora-aus\/\">Studie belegt: Heilfasten wirkt sich positiv auf Darmflora aus<\/a><\/div><\/div><div class=\"entry__excerpt\"><p>Studie belegt: Heilfasten wirkt sich positiv auf Darmflora aus Wildau, 22. M\u00e4rz 2021 \u2013 Periodisches Fasten, besonders nach der Buchinger-Methode, [...]<\/p><\/div><\/div><\/div><\/div><div class=\"post__item post column\"><div class=\"post__content\"><a href=\"https:\/\/biomes.world\/de\/presseportal\/suche-nach-corona-mutanten-brandenburger-start-up-biomes-sequenziert-ab-sofort-positive-testergebnisse\/\" class=\"post__thumbnail\" tabindex=\"0\"><img loading=\"lazy\" decoding=\"async\" width=\"800\" height=\"470\" src=\"https:\/\/biomes.world\/wp-content\/uploads\/2021\/05\/DSCF2636-2-scaled-e1614247061947-1200x480-1-800x470.jpg\" class=\"attachment-post-thumbnail size-post-thumbnail wp-post-image\" alt=\"Laborant in einem wei\u00dfen Kittel nutzt eine Pipette zur Probenahme in einem modernen Labor, w\u00e4hrend er Corona-Testergebnisse analysiert.\" srcset=\"https:\/\/biomes.world\/wp-content\/uploads\/2021\/05\/DSCF2636-2-scaled-e1614247061947-1200x480-1-800x470.jpg 800w, https:\/\/biomes.world\/wp-content\/uploads\/2021\/05\/DSCF2636-2-scaled-e1614247061947-1200x480-1-400x235.jpg 400w\" sizes=\"auto, (max-width: 800px) 100vw, 800px\" \/><\/a><div class=\"entry\"><div class=\"entry__meta\"><span class=\"meta__posted-on\">Ver\u00f6ffentlicht am <time class=\"meta__date meta__date--published\" datetime=\"2021-02-23T10:35:07+01:00\" itemprop=\"datePublished\">23. Februar 2021<\/time><time class=\"meta__date--updated\" datetime=\"2021-09-27T17:30:44+02:00\" itemprop=\"dateModified\"><\/time><\/span><\/div><div class=\"entry__header\"><div class=\"entry__title h2\"><a href=\"https:\/\/biomes.world\/de\/presseportal\/suche-nach-corona-mutanten-brandenburger-start-up-biomes-sequenziert-ab-sofort-positive-testergebnisse\/\">Suche nach Corona-Mutanten: Brandenburger Start-up BIOMES sequenziert ab sofort positive Testergebnisse<\/a><\/div><\/div><div class=\"entry__excerpt\"><p>Suche nach Corona-Mutanten: Brandenburger Start-up BIOMES sequenziert ab sofort positive Testergebnisse Wildau, 23. Februar 2021 \u2013 Das Biotechnologie-Unternehmen BIOMES untersucht [...]<\/p><\/div><\/div><\/div><\/div><div class=\"post__item post column\"><div class=\"post__content\"><a href=\"https:\/\/biomes.world\/de\/presse\/corona-forschung-gute-nachrichten\/\" class=\"post__thumbnail\" tabindex=\"0\"><img loading=\"lazy\" decoding=\"async\" width=\"800\" height=\"470\" src=\"https:\/\/biomes.world\/wp-content\/uploads\/2021\/02\/Corona_Copyright-Unsplash-CDC-1024x576-1-800x470.jpg\" class=\"attachment-post-thumbnail size-post-thumbnail wp-post-image\" alt=\"Corona virus\" srcset=\"https:\/\/biomes.world\/wp-content\/uploads\/2021\/02\/Corona_Copyright-Unsplash-CDC-1024x576-1-800x470.jpg 800w, https:\/\/biomes.world\/wp-content\/uploads\/2021\/02\/Corona_Copyright-Unsplash-CDC-1024x576-1-400x235.jpg 400w\" sizes=\"auto, (max-width: 800px) 100vw, 800px\" \/><\/a><div class=\"entry\"><div class=\"entry__meta\"><span class=\"meta__posted-on\">Ver\u00f6ffentlicht am <time class=\"meta__date meta__date--published\" datetime=\"2021-02-17T10:10:11+01:00\" itemprop=\"datePublished\">17. Februar 2021<\/time><time class=\"meta__date--updated\" datetime=\"2023-03-14T13:03:23+01:00\" itemprop=\"dateModified\"><\/time><\/span><\/div><div class=\"entry__header\"><div class=\"entry__title h2\"><a href=\"https:\/\/biomes.world\/de\/presse\/corona-forschung-gute-nachrichten\/\">3 gute Nachrichten aus der Corona-Forschung<\/a><\/div><\/div><div class=\"entry__excerpt\"><p>Wildau, 17. Februar 2021 \u2013 Seit etwa einem Jahr begleitet uns das SARS-CoV-2-Virus. Jeder Zweite leidet laut einer aktuellen Umfrage[1] [...]<\/p><\/div><\/div><\/div><\/div><div class=\"post__item post column\"><div class=\"post__content\"><a href=\"https:\/\/biomes.world\/de\/life-science-start-up-biomes-2-million-investment-by-gps-ventures-gmbh\/\" class=\"post__thumbnail\" tabindex=\"0\"><img loading=\"lazy\" decoding=\"async\" width=\"800\" height=\"470\" src=\"https:\/\/biomes.world\/wp-content\/uploads\/2021\/05\/DSCF2551_mod-scaled-800x470.jpg\" class=\"attachment-post-thumbnail size-post-thumbnail wp-post-image\" alt=\"Gruppe von Fachleuten in Anz\u00fcgen, die in einem modernen B\u00fcrogeb\u00e4ude stehen, um das Thema Darmbakterien zu repr\u00e4sentieren. Sie l\u00e4cheln und posieren f\u00fcr ein Teamfoto, was die Zusammenarbeit und Expertise in der Mikrobiomforschung unterstreicht.\" srcset=\"https:\/\/biomes.world\/wp-content\/uploads\/2021\/05\/DSCF2551_mod-scaled-800x470.jpg 800w, https:\/\/biomes.world\/wp-content\/uploads\/2021\/05\/DSCF2551_mod-scaled-400x235.jpg 400w\" sizes=\"auto, (max-width: 800px) 100vw, 800px\" \/><\/a><div class=\"entry\"><div class=\"entry__meta\"><span class=\"meta__posted-on\">Ver\u00f6ffentlicht am <time class=\"meta__date meta__date--published\" datetime=\"2020-12-09T12:11:04+01:00\" itemprop=\"datePublished\">9. Dezember 2020<\/time><time class=\"meta__date--updated\" datetime=\"2023-03-14T13:03:33+01:00\" itemprop=\"dateModified\"><\/time><\/span><\/div><div class=\"entry__header\"><div class=\"entry__title h2\"><a href=\"https:\/\/biomes.world\/de\/life-science-start-up-biomes-2-million-investment-by-gps-ventures-gmbh\/\">Life Science Start-up BIOMES got 2 Million Euro investment by GPS Ventures GmbH<\/a><\/div><\/div><div class=\"entry__excerpt\"><p>Berlin\/Wildau, December 7, 2020 With another investment of two million euros, this time by GPS Ventures GmbH, Berlin, the biotech [...]<\/p><\/div><\/div><\/div><\/div><div class=\"post__item post column\"><div class=\"post__content\"><a href=\"https:\/\/biomes.world\/de\/presse\/neues-jahr-neuer-darm\/\" class=\"post__thumbnail\" tabindex=\"0\"><img loading=\"lazy\" decoding=\"async\" width=\"800\" height=\"470\" src=\"https:\/\/biomes.world\/wp-content\/uploads\/2020\/11\/Gruener-Smoothie_Copyright-Unsplash-Vitalii-Pavlyshynets-1200x480-1-800x470.jpg\" class=\"attachment-post-thumbnail size-post-thumbnail wp-post-image\" alt=\"Gruener-Smoothie\" srcset=\"https:\/\/biomes.world\/wp-content\/uploads\/2020\/11\/Gruener-Smoothie_Copyright-Unsplash-Vitalii-Pavlyshynets-1200x480-1-800x470.jpg 800w, https:\/\/biomes.world\/wp-content\/uploads\/2020\/11\/Gruener-Smoothie_Copyright-Unsplash-Vitalii-Pavlyshynets-1200x480-1-400x235.jpg 400w\" sizes=\"auto, (max-width: 800px) 100vw, 800px\" \/><\/a><div class=\"entry\"><div class=\"entry__meta\"><span class=\"meta__posted-on\">Ver\u00f6ffentlicht am <time class=\"meta__date meta__date--published\" datetime=\"2020-11-23T19:46:29+01:00\" itemprop=\"datePublished\">23. November 2020<\/time><time class=\"meta__date--updated\" datetime=\"2023-03-14T13:03:38+01:00\" itemprop=\"dateModified\"><\/time><\/span><\/div><div class=\"entry__header\"><div class=\"entry__title h2\"><a href=\"https:\/\/biomes.world\/de\/presse\/neues-jahr-neuer-darm\/\">Neues Jahr, neuer Darm: F\u00fcnf Tipps, wie Sie fit und gesund in 2021 starten<\/a><\/div><\/div><div class=\"entry__excerpt\"><p>Wildau, 23. November 2020 \u2013 Die Liste von Vors\u00e4tzen zu Beginn eines neuen Jahres ist oft lang: abnehmen, weniger Stress [...]<\/p><\/div><\/div><\/div><\/div><div class=\"post__item post column\"><div class=\"post__content\"><a href=\"https:\/\/biomes.world\/de\/presseportal\/unser-darm-sieben-fun-facts-ueber-ein-wunderorgan\/\" class=\"post__thumbnail\" tabindex=\"0\"><img loading=\"lazy\" decoding=\"async\" width=\"800\" height=\"470\" src=\"https:\/\/biomes.world\/wp-content\/uploads\/2020\/10\/cdc-PhaTJPdtaCU-unsplash-1200x480-1-800x470.jpg\" class=\"attachment-post-thumbnail size-post-thumbnail wp-post-image\" alt=\"Mikroskopische Darstellung von blauen Bakterien, die die Vielfalt der Darmmikrobiota symbolisieren, die eine wichtige Rolle f\u00fcr die Gesundheit des menschlichen Darms spielt.\" srcset=\"https:\/\/biomes.world\/wp-content\/uploads\/2020\/10\/cdc-PhaTJPdtaCU-unsplash-1200x480-1-800x470.jpg 800w, https:\/\/biomes.world\/wp-content\/uploads\/2020\/10\/cdc-PhaTJPdtaCU-unsplash-1200x480-1-400x235.jpg 400w\" sizes=\"auto, (max-width: 800px) 100vw, 800px\" \/><\/a><div class=\"entry\"><div class=\"entry__meta\"><span class=\"meta__posted-on\">Ver\u00f6ffentlicht am <time class=\"meta__date meta__date--published\" datetime=\"2020-10-30T14:03:28+01:00\" itemprop=\"datePublished\">30. Oktober 2020<\/time><time class=\"meta__date--updated\" datetime=\"2023-03-14T13:03:17+01:00\" itemprop=\"dateModified\"><\/time><\/span><\/div><div class=\"entry__header\"><div class=\"entry__title h2\"><a href=\"https:\/\/biomes.world\/de\/presseportal\/unser-darm-sieben-fun-facts-ueber-ein-wunderorgan\/\">Unser Darm: Sieben Fun Facts \u00fcber ein Wunderorgan<\/a><\/div><\/div><div class=\"entry__excerpt\"><p>Wildau, 28. Oktober 2020 \u2013 Rund 80 Prozent der Zellen, die f\u00fcr die Immunabwehr zust\u00e4ndig sind, befinden sich im Darm. [...]<\/p><\/div><\/div><\/div><\/div><div class=\"post__item post column\"><div class=\"post__content\"><a href=\"https:\/\/biomes.world\/de\/presseportal\/corona-darm-und-psyche-leiden\/\" class=\"post__thumbnail\" tabindex=\"0\"><img loading=\"lazy\" decoding=\"async\" width=\"800\" height=\"470\" src=\"https:\/\/biomes.world\/wp-content\/uploads\/2020\/09\/emma-simpson-mNGaaLeWEp0-unsplash-1200x480-1-800x470.jpg\" class=\"attachment-post-thumbnail size-post-thumbnail wp-post-image\" alt=\"Frau in rotem Sweatshirt geht auf einem ruhigen Weg durch eine herbstliche Landschaft, umgeben von B\u00e4umen und sanftem Sonnenlicht, was die positive Wirkung von Bewegung auf das Wohlbefinden symbolisiert.\" srcset=\"https:\/\/biomes.world\/wp-content\/uploads\/2020\/09\/emma-simpson-mNGaaLeWEp0-unsplash-1200x480-1-800x470.jpg 800w, https:\/\/biomes.world\/wp-content\/uploads\/2020\/09\/emma-simpson-mNGaaLeWEp0-unsplash-1200x480-1-400x235.jpg 400w\" sizes=\"auto, (max-width: 800px) 100vw, 800px\" \/><\/a><div class=\"entry\"><div class=\"entry__meta\"><span class=\"meta__posted-on\">Ver\u00f6ffentlicht am <time class=\"meta__date meta__date--published\" datetime=\"2020-09-22T10:54:04+02:00\" itemprop=\"datePublished\">22. September 2020<\/time><time class=\"meta__date--updated\" datetime=\"2023-03-14T13:03:04+01:00\" itemprop=\"dateModified\"><\/time><\/span><\/div><div class=\"entry__header\"><div class=\"entry__title h2\"><a href=\"https:\/\/biomes.world\/de\/presseportal\/corona-darm-und-psyche-leiden\/\">Corona: Darm und Psyche leiden<\/a><\/div><\/div><div class=\"entry__excerpt\"><p>Angst vor Ansteckung, um den Job oder die Zukunft: Corona bleibt eine enorme Belastung. Studien zeigen, dass sich jeder Zweite [...]<\/p><\/div><\/div><\/div><\/div><div class=\"post__item post column\"><div class=\"post__content\"><a href=\"https:\/\/biomes.world\/de\/presseportal\/blog-innovative-darmflora-analyse-legt-in-vertrieb-zu\/\" class=\"post__thumbnail\" tabindex=\"0\"><img loading=\"lazy\" decoding=\"async\" width=\"800\" height=\"470\" src=\"https:\/\/biomes.world\/wp-content\/uploads\/2021\/04\/intest-800x470.png\" class=\"attachment-post-thumbnail size-post-thumbnail wp-post-image\" alt=\"Intest.pro\" srcset=\"https:\/\/biomes.world\/wp-content\/uploads\/2021\/04\/intest-800x470.png 800w, https:\/\/biomes.world\/wp-content\/uploads\/2021\/04\/intest-400x235.png 400w\" sizes=\"auto, (max-width: 800px) 100vw, 800px\" \/><\/a><div class=\"entry\"><div class=\"entry__meta\"><span class=\"meta__posted-on\">Ver\u00f6ffentlicht am <time class=\"meta__date meta__date--published\" datetime=\"2020-07-27T12:45:38+02:00\" itemprop=\"datePublished\">27. Juli 2020<\/time><time class=\"meta__date--updated\" datetime=\"2022-07-26T12:14:04+02:00\" itemprop=\"dateModified\"><\/time><\/span><\/div><div class=\"entry__header\"><div class=\"entry__title h2\"><a href=\"https:\/\/biomes.world\/de\/presseportal\/blog-innovative-darmflora-analyse-legt-in-vertrieb-zu\/\">Innovative Darmflora-Analyse legt in Vertrieb zu:<\/a><\/div><\/div><div class=\"entry__excerpt\"><p>Produkte des Biotech-Startups BIOMES ab sofort bei DocMorris erh\u00e4ltlich Berlin\/Wildau, 27. Juli 2020 \u2013 Die innovative Darmflora-Analyse INTEST.pro des Biotechnologie-Startups [...]<\/p><\/div><\/div><\/div><\/div><div class=\"post__item post column\"><div class=\"post__content\"><a href=\"https:\/\/biomes.world\/de\/presseportal\/blog-von-dna-analyse-zu-corona-tests\/\" class=\"post__thumbnail\" tabindex=\"0\"><img loading=\"lazy\" decoding=\"async\" width=\"800\" height=\"470\" src=\"https:\/\/biomes.world\/wp-content\/uploads\/2020\/07\/72_200715_Besuch_Ministerin_Schuele_TH_Wildau_cMike_Lange-1200x480-1-800x470.jpg\" class=\"attachment-post-thumbnail size-post-thumbnail wp-post-image\" alt=\"Laborautomatisierung im Einsatz: Zwei Fachleute im Gespr\u00e4ch \u00fcber DNA-Analyse und Corona-Tests in einem modernen Labor, w\u00e4hrend ein weiterer Mitarbeiter im Hintergrund beobachtet.\" srcset=\"https:\/\/biomes.world\/wp-content\/uploads\/2020\/07\/72_200715_Besuch_Ministerin_Schuele_TH_Wildau_cMike_Lange-1200x480-1-800x470.jpg 800w, https:\/\/biomes.world\/wp-content\/uploads\/2020\/07\/72_200715_Besuch_Ministerin_Schuele_TH_Wildau_cMike_Lange-1200x480-1-400x235.jpg 400w\" sizes=\"auto, (max-width: 800px) 100vw, 800px\" \/><\/a><div class=\"entry\"><div class=\"entry__meta\"><span class=\"meta__posted-on\">Ver\u00f6ffentlicht am <time class=\"meta__date meta__date--published\" datetime=\"2020-07-16T09:58:36+02:00\" itemprop=\"datePublished\">16. Juli 2020<\/time><time class=\"meta__date--updated\" datetime=\"2023-03-14T13:37:59+01:00\" itemprop=\"dateModified\"><\/time><\/span><\/div><div class=\"entry__header\"><div class=\"entry__title h2\"><a href=\"https:\/\/biomes.world\/de\/presseportal\/blog-von-dna-analyse-zu-corona-tests\/\">Von der DNA-Analyse zu Corona-Tests dank Expertise in Labor-Automatisierung:<\/a><\/div><\/div><div class=\"entry__excerpt\"><p>Wildau, 16. Juli 2020 \u2013 Bis zu 10.000 Corona-Tests kann das Biotechnologie Startup BIOMES t\u00e4glich f\u00fcr das Land Brandenburg durchf\u00fchren. [...]<\/p><\/div><\/div><\/div><\/div><div class=\"post__item post column\"><div class=\"post__content\"><a href=\"https:\/\/biomes.world\/de\/presseportal\/biohacking-und-ernaehrung-2\/\" class=\"post__thumbnail\" tabindex=\"0\"><img loading=\"lazy\" decoding=\"async\" width=\"800\" height=\"470\" src=\"https:\/\/biomes.world\/wp-content\/uploads\/2019\/12\/Darmentzuendung_Welche_Ernaehrung_ist_empfehlenswert-800x470.jpg\" class=\"attachment-post-thumbnail size-post-thumbnail wp-post-image\" alt=\"Darmentz\u00fcndung und welche Ern\u00e4hrung empfehlenswert ist\" srcset=\"https:\/\/biomes.world\/wp-content\/uploads\/2019\/12\/Darmentzuendung_Welche_Ernaehrung_ist_empfehlenswert-800x470.jpg 800w, https:\/\/biomes.world\/wp-content\/uploads\/2019\/12\/Darmentzuendung_Welche_Ernaehrung_ist_empfehlenswert-400x235.jpg 400w\" sizes=\"auto, (max-width: 800px) 100vw, 800px\" \/><\/a><div class=\"entry\"><div class=\"entry__meta\"><span class=\"meta__posted-on\">Ver\u00f6ffentlicht am <time class=\"meta__date meta__date--published\" datetime=\"2020-07-14T18:02:14+02:00\" itemprop=\"datePublished\">14. Juli 2020<\/time><time class=\"meta__date--updated\" datetime=\"2023-03-14T13:03:50+01:00\" itemprop=\"dateModified\"><\/time><\/span><\/div><div class=\"entry__header\"><div class=\"entry__title h2\"><a href=\"https:\/\/biomes.world\/de\/presseportal\/biohacking-und-ernaehrung-2\/\">Biohacking und Ern\u00e4hrung: Vorsicht vor Selbstoptimierungswahn<\/a><\/div><\/div><div class=\"entry__excerpt\"><p>BIOMES-Expertin Franziska Dreidax gibt Tipps f\u00fcr nat\u00fcrliches Biohacking Leistungsorientierter Lifestyle aus den USA wird in Deutschland immer beliebter \/ Pro- [...]<\/p><\/div><\/div><\/div><\/div><div class=\"post__item post column\"><div class=\"post__content\"><a href=\"https:\/\/biomes.world\/de\/presseportal\/sieben-darmbakterien-die-den-stoffwechsel-auf-trab-bringen\/\" class=\"post__thumbnail\" tabindex=\"0\"><img loading=\"lazy\" decoding=\"async\" width=\"800\" height=\"470\" src=\"https:\/\/biomes.world\/wp-content\/uploads\/2020\/05\/Infografik_nuetzliche-Bakterien-1200x480-1-800x470.jpg\" class=\"attachment-post-thumbnail size-post-thumbnail wp-post-image\" alt=\"Infografik \u00fcber sieben Darmbakterien, die den Stoffwechsel beeinflussen, mit Informationen zu n\u00fctzlichen und sch\u00e4dlichen Bakterien sowie empfohlenen Lebensmitteln zur F\u00f6rderung der Gesundheit.\" srcset=\"https:\/\/biomes.world\/wp-content\/uploads\/2020\/05\/Infografik_nuetzliche-Bakterien-1200x480-1-800x470.jpg 800w, https:\/\/biomes.world\/wp-content\/uploads\/2020\/05\/Infografik_nuetzliche-Bakterien-1200x480-1-400x235.jpg 400w\" sizes=\"auto, (max-width: 800px) 100vw, 800px\" \/><\/a><div class=\"entry\"><div class=\"entry__meta\"><span class=\"meta__posted-on\">Ver\u00f6ffentlicht am <time class=\"meta__date meta__date--published\" datetime=\"2020-05-28T17:25:19+02:00\" itemprop=\"datePublished\">28. Mai 2020<\/time><time class=\"meta__date--updated\" datetime=\"2023-03-14T13:03:44+01:00\" itemprop=\"dateModified\"><\/time><\/span><\/div><div class=\"entry__header\"><div class=\"entry__title h2\"><a href=\"https:\/\/biomes.world\/de\/presseportal\/sieben-darmbakterien-die-den-stoffwechsel-auf-trab-bringen\/\">Sieben Darmbakterien, die den Stoffwechsel auf Trab bringen<\/a><\/div><\/div><div class=\"entry__excerpt\"><p>Bye-bye Corona-Kilos: Diese kleinen Helfer haben eine gro\u00dfe Wirkung Wildau, 28. Mai 2020 \u2013 Die kleinen Corona-Fettp\u00f6lsterchen loswerden und auf [...]<\/p><\/div><\/div><\/div><\/div><div class=\"post__item post column\"><div class=\"post__content\"><a href=\"https:\/\/biomes.world\/de\/presse\/universalwerk-zur-darmgesundheit\/\" class=\"post__thumbnail\" tabindex=\"0\"><img loading=\"lazy\" decoding=\"async\" width=\"800\" height=\"470\" src=\"https:\/\/biomes.world\/wp-content\/uploads\/2020\/05\/Bild4_web-800x470.jpg\" class=\"attachment-post-thumbnail size-post-thumbnail wp-post-image\" alt=\"Der Darm-kompass Biomes Buch\" srcset=\"https:\/\/biomes.world\/wp-content\/uploads\/2020\/05\/Bild4_web-800x470.jpg 800w, https:\/\/biomes.world\/wp-content\/uploads\/2020\/05\/Bild4_web-400x235.jpg 400w\" sizes=\"auto, (max-width: 800px) 100vw, 800px\" \/><\/a><div class=\"entry\"><div class=\"entry__meta\"><span class=\"meta__posted-on\">Ver\u00f6ffentlicht am <time class=\"meta__date meta__date--published\" datetime=\"2020-05-19T10:58:21+02:00\" itemprop=\"datePublished\">19. Mai 2020<\/time><time class=\"meta__date--updated\" datetime=\"2022-08-05T11:21:51+02:00\" itemprop=\"dateModified\"><\/time><\/span><\/div><div class=\"entry__header\"><div class=\"entry__title h2\"><a href=\"https:\/\/biomes.world\/de\/presse\/universalwerk-zur-darmgesundheit\/\">Universalwerk zur Darmgesundheit<\/a><\/div><\/div><div class=\"entry__excerpt\"><p>Gr\u00fcnder des Biotechnologie-Startups BIOMES ver\u00f6ffentlicht \u201eDarmkompass\u201c Berlin\/Wildau, 19. Mai 2020 \u2013 Der Einfluss des Darms auf das menschliche Wohlbefinden wurde [...]<\/p><\/div><\/div><\/div><\/div><div class=\"post__item post column\"><div class=\"post__content\"><a href=\"https:\/\/biomes.world\/de\/presseportal\/online-darmkongress-mit-5-000-teilnehmenden-spiegelt-vielfalt-aktueller-forschung\/\" class=\"post__thumbnail\" tabindex=\"0\"><img loading=\"lazy\" decoding=\"async\" width=\"800\" height=\"470\" src=\"https:\/\/biomes.world\/wp-content\/uploads\/2020\/05\/74_200513_LOGO_Darm-Kongress-1200x480-1-800x470.jpg\" class=\"attachment-post-thumbnail size-post-thumbnail wp-post-image\" alt=\"Illustration des Darmkongresses mit dem Fokus auf Gesundheit, der die Vielfalt aktueller Forschung widerspiegelt.\" srcset=\"https:\/\/biomes.world\/wp-content\/uploads\/2020\/05\/74_200513_LOGO_Darm-Kongress-1200x480-1-800x470.jpg 800w, https:\/\/biomes.world\/wp-content\/uploads\/2020\/05\/74_200513_LOGO_Darm-Kongress-1200x480-1-400x235.jpg 400w\" sizes=\"auto, (max-width: 800px) 100vw, 800px\" \/><\/a><div class=\"entry\"><div class=\"entry__meta\"><span class=\"meta__posted-on\">Ver\u00f6ffentlicht am <time class=\"meta__date meta__date--published\" datetime=\"2020-05-14T10:52:35+02:00\" itemprop=\"datePublished\">14. Mai 2020<\/time><time class=\"meta__date--updated\" datetime=\"2023-05-22T11:20:58+02:00\" itemprop=\"dateModified\"><\/time><\/span><\/div><div class=\"entry__header\"><div class=\"entry__title h2\"><a href=\"https:\/\/biomes.world\/de\/presseportal\/online-darmkongress-mit-5-000-teilnehmenden-spiegelt-vielfalt-aktueller-forschung\/\">Online-Darmkongress mit 5.000 Teilnehmenden spiegelt Vielfalt aktueller Forschung<\/a><\/div><\/div><div class=\"entry__excerpt\"><p>\u201eWir brauchen ein Umdenken von der Krankheits- hin zur echten Gesundheitsmedizin\u201c Berlin\/Wildau, 14. Mai 2020 \u2013 Erkrankungen werden in einem [...]<\/p><\/div><\/div><\/div><\/div><div class=\"post__item post column\"><div class=\"post__content\"><a href=\"https:\/\/biomes.world\/de\/presseportal\/mit-fermentierten-lebensmitteln-darmgesundheit-staerken-biotech-start-up-biomes-kooperiert-mit-foodtech-start-up-fairment\/\" class=\"post__thumbnail\" tabindex=\"0\"><img loading=\"lazy\" decoding=\"async\" width=\"800\" height=\"470\" src=\"https:\/\/biomes.world\/wp-content\/uploads\/2020\/03\/75_2003_BIOMES_Kooperation_Fairment-1200x480-2-scaled-800x470.jpg\" class=\"attachment-post-thumbnail size-post-thumbnail wp-post-image\" alt=\"BIOMES Kooperation Fair Starter Kitment\" srcset=\"https:\/\/biomes.world\/wp-content\/uploads\/2020\/03\/75_2003_BIOMES_Kooperation_Fairment-1200x480-2-scaled-800x470.jpg 800w, https:\/\/biomes.world\/wp-content\/uploads\/2020\/03\/75_2003_BIOMES_Kooperation_Fairment-1200x480-2-scaled-400x235.jpg 400w\" sizes=\"auto, (max-width: 800px) 100vw, 800px\" \/><\/a><div class=\"entry\"><div class=\"entry__meta\"><span class=\"meta__posted-on\">Ver\u00f6ffentlicht am <time class=\"meta__date meta__date--published\" datetime=\"2020-03-11T14:29:41+01:00\" itemprop=\"datePublished\">11. M\u00e4rz 2020<\/time><time class=\"meta__date--updated\" datetime=\"2022-07-26T12:04:59+02:00\" itemprop=\"dateModified\"><\/time><\/span><\/div><div class=\"entry__header\"><div class=\"entry__title h2\"><a href=\"https:\/\/biomes.world\/de\/presseportal\/mit-fermentierten-lebensmitteln-darmgesundheit-staerken-biotech-start-up-biomes-kooperiert-mit-foodtech-start-up-fairment\/\">Mit fermentierten Lebensmitteln Darmgesundheit st\u00e4rken: BioTech Start-up BIOMES kooperiert mit FoodTech Start-up Fairment<\/a><\/div><\/div><div class=\"entry__excerpt\"><p>Berlin\/Wildau, 11. M\u00e4rz 2020 \u2013 Das Wohlbefinden der Menschen nachhaltig zu verbessern ist das gemeinsame Ziel der zwei Start-ups BIOMES [...]<\/p><\/div><\/div><\/div><\/div><div class=\"post__item post column\"><div class=\"post__content\"><a href=\"https:\/\/biomes.world\/de\/life-science-start-up-biomes-erhaelt-zwei-millionen-euro-von-yabeo\/\" class=\"post__thumbnail\" tabindex=\"0\"><img loading=\"lazy\" decoding=\"async\" width=\"800\" height=\"470\" src=\"https:\/\/biomes.world\/wp-content\/uploads\/2021\/05\/DSCF2551_mod-scaled-800x470.jpg\" class=\"attachment-post-thumbnail size-post-thumbnail wp-post-image\" alt=\"Gruppe von Fachleuten in Anz\u00fcgen, die in einem modernen B\u00fcrogeb\u00e4ude stehen, um das Thema Darmbakterien zu repr\u00e4sentieren. Sie l\u00e4cheln und posieren f\u00fcr ein Teamfoto, was die Zusammenarbeit und Expertise in der Mikrobiomforschung unterstreicht.\" srcset=\"https:\/\/biomes.world\/wp-content\/uploads\/2021\/05\/DSCF2551_mod-scaled-800x470.jpg 800w, https:\/\/biomes.world\/wp-content\/uploads\/2021\/05\/DSCF2551_mod-scaled-400x235.jpg 400w\" sizes=\"auto, (max-width: 800px) 100vw, 800px\" \/><\/a><div class=\"entry\"><div class=\"entry__meta\"><span class=\"meta__posted-on\">Ver\u00f6ffentlicht am <time class=\"meta__date meta__date--published\" datetime=\"2020-02-13T17:23:38+01:00\" itemprop=\"datePublished\">13. Februar 2020<\/time><time class=\"meta__date--updated\" datetime=\"2022-07-26T12:05:21+02:00\" itemprop=\"dateModified\"><\/time><\/span><\/div><div class=\"entry__header\"><div class=\"entry__title h2\"><a href=\"https:\/\/biomes.world\/de\/life-science-start-up-biomes-erhaelt-zwei-millionen-euro-von-yabeo\/\">Life Science Start-up BIOMES erh\u00e4lt zwei Millionen Euro von yabeo<\/a><\/div><\/div><div class=\"entry__excerpt\"><p>Berlin\/Wildau, 13. Februar 2020 \u2013 BIOMES startet mit einer erfolgreichen Pre-Series A-Finanzierungsrunde ins Jahr 2020. Das Life Science Unternehmen erh\u00e4lt [...]<\/p><\/div><\/div><\/div><\/div><div class=\"post__item post column\"><div class=\"post__content\"><a href=\"https:\/\/biomes.world\/de\/presseportal\/produktionskapazitaeten-mit-nahrungsergaenzungsmitteln\/\" class=\"post__thumbnail\" tabindex=\"0\"><img loading=\"lazy\" decoding=\"async\" width=\"800\" height=\"470\" src=\"https:\/\/biomes.world\/wp-content\/uploads\/2021\/05\/Nahrungsergaenznugsmittel-Gruppe-scaled-800x470.jpg\" class=\"attachment-post-thumbnail size-post-thumbnail wp-post-image\" alt=\"Verschiedene Nahrungs&shy;erg\u00e4nzungs&shy;mittel in wei\u00dfen Flaschen, darunter DEFENSE.pro, PREMIUM.pro, RESTART.pro, HISTA.pro, LACRU.pro und LEAN.pro, auf einem hellen Hintergrund.\" srcset=\"https:\/\/biomes.world\/wp-content\/uploads\/2021\/05\/Nahrungsergaenznugsmittel-Gruppe-scaled-800x470.jpg 800w, https:\/\/biomes.world\/wp-content\/uploads\/2021\/05\/Nahrungsergaenznugsmittel-Gruppe-scaled-400x235.jpg 400w\" sizes=\"auto, (max-width: 800px) 100vw, 800px\" \/><\/a><div class=\"entry\"><div class=\"entry__meta\"><span class=\"meta__posted-on\">Ver\u00f6ffentlicht am <time class=\"meta__date meta__date--published\" datetime=\"2019-10-01T14:25:00+02:00\" itemprop=\"datePublished\">1. Oktober 2019<\/time><time class=\"meta__date--updated\" datetime=\"2022-07-26T12:07:23+02:00\" itemprop=\"dateModified\"><\/time><\/span><\/div><div class=\"entry__header\"><div class=\"entry__title h2\"><a href=\"https:\/\/biomes.world\/de\/presseportal\/produktionskapazitaeten-mit-nahrungsergaenzungsmitteln\/\">Verkaufsstart f\u00fcr n\u00e4chste Generation von Nahrungs&shy;erg\u00e4nzungs&shy;mitteln<\/a><\/div><\/div><div class=\"entry__excerpt\"><p>Wildau (Germany), 1. Oktober 2019 \u2013 Was genau braucht mein Darm? Eine innovative Antwort geben die analytik-basierten Nahrungs&shy;erg\u00e4nzungs&shy;mittel der Marke [...]<\/p><\/div><\/div><\/div><\/div><div class=\"post__item post column\"><div class=\"post__content\"><a href=\"https:\/\/biomes.world\/de\/herzensprojekt-startup-biomes-unterstuetzt-wiederauswilderung-von-robben-biotechnologie-fuer-gestrandete-robbenbabys\/\" class=\"post__thumbnail\" tabindex=\"0\"><img loading=\"lazy\" decoding=\"async\" width=\"800\" height=\"470\" src=\"https:\/\/biomes.world\/wp-content\/uploads\/2019\/07\/78_1907_Ruvim_Miksanskiy_Robbenbaby-1200x480-1-800x470.jpg\" class=\"attachment-post-thumbnail size-post-thumbnail wp-post-image\" alt=\"Junge Robbe liegt am Strand und schaut in die Kamera, umgeben von Wasser und Sand, Symbol f\u00fcr den Schutz mariner Lebensr\u00e4ume.\" srcset=\"https:\/\/biomes.world\/wp-content\/uploads\/2019\/07\/78_1907_Ruvim_Miksanskiy_Robbenbaby-1200x480-1-800x470.jpg 800w, https:\/\/biomes.world\/wp-content\/uploads\/2019\/07\/78_1907_Ruvim_Miksanskiy_Robbenbaby-1200x480-1-400x235.jpg 400w\" sizes=\"auto, (max-width: 800px) 100vw, 800px\" \/><\/a><div class=\"entry\"><div class=\"entry__meta\"><span class=\"meta__posted-on\">Ver\u00f6ffentlicht am <time class=\"meta__date meta__date--published\" datetime=\"2019-07-24T10:41:13+02:00\" itemprop=\"datePublished\">24. Juli 2019<\/time><time class=\"meta__date--updated\" datetime=\"2022-07-26T12:14:52+02:00\" itemprop=\"dateModified\"><\/time><\/span><\/div><div class=\"entry__header\"><div class=\"entry__title h2\"><a href=\"https:\/\/biomes.world\/de\/herzensprojekt-startup-biomes-unterstuetzt-wiederauswilderung-von-robben-biotechnologie-fuer-gestrandete-robbenbabys\/\">\u201eHerzensprojekt\u201c: Startup Biomes unterst\u00fctzt Rettung von Meeresbewohnern &#8211; Biotechnologie f\u00fcr gestrandete Robben<\/a><\/div><\/div><div class=\"entry__excerpt\"><p>Wildau\/F\u00f6hr (Germany), 24. Juli 2019 \u2013 Das Biotech Startup BIOMES verfolgt das Ziel, das Wohlbefinden von Menschen und Tieren zu [...]<\/p><\/div><\/div><\/div><\/div><div class=\"post__item post column\"><div class=\"post__content\"><a href=\"https:\/\/biomes.world\/de\/presseportal\/gesund-und-fit-im-urlaub-wissenschaftsbasierte-praevention-von-reisekrankheiten\/\" class=\"post__thumbnail\" tabindex=\"0\"><img loading=\"lazy\" decoding=\"async\" width=\"800\" height=\"470\" src=\"https:\/\/biomes.world\/wp-content\/uploads\/2021\/05\/comb-defensepro-800x470.jpg\" class=\"attachment-post-thumbnail size-post-thumbnail wp-post-image\" alt=\"probiotische Nahrungs&shy;erg\u00e4nzungs&shy;mittel Defense.pro Moodfoto\" srcset=\"https:\/\/biomes.world\/wp-content\/uploads\/2021\/05\/comb-defensepro-800x470.jpg 800w, https:\/\/biomes.world\/wp-content\/uploads\/2021\/05\/comb-defensepro-400x235.jpg 400w\" sizes=\"auto, (max-width: 800px) 100vw, 800px\" \/><\/a><div class=\"entry\"><div class=\"entry__meta\"><span class=\"meta__posted-on\">Ver\u00f6ffentlicht am <time class=\"meta__date meta__date--published\" datetime=\"2019-06-25T17:20:06+02:00\" itemprop=\"datePublished\">25. Juni 2019<\/time><time class=\"meta__date--updated\" datetime=\"2021-09-27T11:11:28+02:00\" itemprop=\"dateModified\"><\/time><\/span><\/div><div class=\"entry__header\"><div class=\"entry__title h2\"><a href=\"https:\/\/biomes.world\/de\/presseportal\/gesund-und-fit-im-urlaub-wissenschaftsbasierte-praevention-von-reisekrankheiten\/\">Gesund und fit im Urlaub: Wissenschaftsbasierte Pr\u00e4vention von Reisekrankheiten<\/a><\/div><\/div><div class=\"entry__excerpt\"><p>Wildau (Germany), 25. Juni 2019 \u2013 Reisekrankheiten wie \u00dcbelkeit oder Durchfall entstehen h\u00e4ufig dann, wenn unser Organismus mit Bakterien in [...]<\/p><\/div><\/div><\/div><\/div><div class=\"post__item post column\"><div class=\"post__content\"><a href=\"https:\/\/biomes.world\/de\/presseportal\/darmflora-analyse-international-verfuegbar\/\" class=\"post__thumbnail\" tabindex=\"0\"><img loading=\"lazy\" decoding=\"async\" width=\"800\" height=\"470\" src=\"https:\/\/biomes.world\/wp-content\/uploads\/2019\/09\/Stoffwechselanalyse-800x470.jpg\" class=\"attachment-post-thumbnail size-post-thumbnail wp-post-image\" alt=\"Pipette, die eine Fl\u00fcssigkeit in ein Reagenzglas einf\u00fcllt, in einem Laborumfeld, das die Stoffwechselanalyse unterst\u00fctzt und dabei hilft, individuelle Abnehmstrategien zu entwickeln.\" srcset=\"https:\/\/biomes.world\/wp-content\/uploads\/2019\/09\/Stoffwechselanalyse-800x470.jpg 800w, https:\/\/biomes.world\/wp-content\/uploads\/2019\/09\/Stoffwechselanalyse-400x235.jpg 400w\" sizes=\"auto, (max-width: 800px) 100vw, 800px\" \/><\/a><div class=\"entry\"><div class=\"entry__meta\"><span class=\"meta__posted-on\">Ver\u00f6ffentlicht am <time class=\"meta__date meta__date--published\" datetime=\"2019-05-06T09:30:51+02:00\" itemprop=\"datePublished\">6. Mai 2019<\/time><time class=\"meta__date--updated\" datetime=\"2022-07-28T10:26:08+02:00\" itemprop=\"dateModified\"><\/time><\/span><\/div><div class=\"entry__header\"><div class=\"entry__title h2\"><a href=\"https:\/\/biomes.world\/de\/presseportal\/darmflora-analyse-international-verfuegbar\/\">Internationalisierung beim Start-up BIOMES: DNA-basierte Darmflora-Analyse international verf\u00fcgbar<\/a><\/div><\/div><div class=\"entry__excerpt\"><p>Wildau (Germany), 6. Mai 2019 \u2013 BIOMES ist weiter auf Expansionskurs: Der DNA-basierte Darmflora-Selbsttest INTEST.pro startet ab Mai europaweit in [...]<\/p><\/div><\/div><\/div><\/div><div class=\"post__item post column\"><div class=\"post__content\"><a href=\"https:\/\/biomes.world\/de\/presseportal\/darmflora-optimierte-ernaehrungsplaene\/\" class=\"post__thumbnail\" tabindex=\"0\"><img loading=\"lazy\" decoding=\"async\" width=\"800\" height=\"470\" src=\"https:\/\/biomes.world\/wp-content\/uploads\/2019\/03\/88_1903_BIOMES_individuelle_Ernaehrungsplaene_3-1200x480-1-800x470.jpg\" class=\"attachment-post-thumbnail size-post-thumbnail wp-post-image\" alt=\"feel better with biomes\" srcset=\"https:\/\/biomes.world\/wp-content\/uploads\/2019\/03\/88_1903_BIOMES_individuelle_Ernaehrungsplaene_3-1200x480-1-800x470.jpg 800w, https:\/\/biomes.world\/wp-content\/uploads\/2019\/03\/88_1903_BIOMES_individuelle_Ernaehrungsplaene_3-1200x480-1-400x235.jpg 400w\" sizes=\"auto, (max-width: 800px) 100vw, 800px\" \/><\/a><div class=\"entry\"><div class=\"entry__meta\"><span class=\"meta__posted-on\">Ver\u00f6ffentlicht am <time class=\"meta__date meta__date--published\" datetime=\"2019-03-18T15:00:08+01:00\" itemprop=\"datePublished\">18. M\u00e4rz 2019<\/time><time class=\"meta__date--updated\" datetime=\"2022-07-26T11:40:14+02:00\" itemprop=\"dateModified\"><\/time><\/span><\/div><div class=\"entry__header\"><div class=\"entry__title h2\"><a href=\"https:\/\/biomes.world\/de\/presseportal\/darmflora-optimierte-ernaehrungsplaene\/\">Premiere in der Ern\u00e4hrungsberatung: Biotech-Verfahren erm\u00f6glicht erstmals Darmflora-optimierte Ern\u00e4hrungspl\u00e4ne<\/a><\/div><\/div><div class=\"entry__excerpt\"><p>Wildau (Germany), 18. M\u00e4rz 2019 \u2013 Das Biotech-Startup BIOMES hat eine DNA-basierte Darmflora-Analyse entwickelt, mit der erstmalig Ern\u00e4hrungspl\u00e4ne auf das [...]<\/p><\/div><\/div><\/div><\/div><div class=\"post__item post column\"><div class=\"post__content\"><a href=\"https:\/\/biomes.world\/de\/presseportal\/biomes-als-telekom-techboost-startup\/\" class=\"post__thumbnail\" tabindex=\"0\"><img loading=\"lazy\" decoding=\"async\" width=\"800\" height=\"470\" src=\"https:\/\/biomes.world\/wp-content\/uploads\/2019\/03\/Biomes-Telekom-800x470.jpg\" class=\"attachment-post-thumbnail size-post-thumbnail wp-post-image\" alt=\"Paul Hammer, Gesch\u00e4ftsf\u00fchrer von Biomes, spricht \u00fcber die Vorteile des Startups im Rahmen von TechBoost auf der DIGITAL X 2018. Im Hintergrund ist ein moderner Fahrzeuginnenraum zu sehen.\" srcset=\"https:\/\/biomes.world\/wp-content\/uploads\/2019\/03\/Biomes-Telekom-800x470.jpg 800w, https:\/\/biomes.world\/wp-content\/uploads\/2019\/03\/Biomes-Telekom-400x235.jpg 400w\" sizes=\"auto, (max-width: 800px) 100vw, 800px\" \/><\/a><div class=\"entry\"><div class=\"entry__meta\"><span class=\"meta__posted-on\">Ver\u00f6ffentlicht am <time class=\"meta__date meta__date--published\" datetime=\"2019-03-13T15:50:26+01:00\" itemprop=\"datePublished\">13. M\u00e4rz 2019<\/time><time class=\"meta__date--updated\" datetime=\"2022-07-26T11:37:49+02:00\" itemprop=\"dateModified\"><\/time><\/span><\/div><div class=\"entry__header\"><div class=\"entry__title h2\"><a href=\"https:\/\/biomes.world\/de\/presseportal\/biomes-als-telekom-techboost-startup\/\"><b>BIOMES<\/b> als Telekom TechBoost Startup auf der DIGITAL X 2018<\/a><\/div><\/div><div class=\"entry__excerpt\"><p>Als Telekom TechBoost Startup war BIOMES im November 2018 auf der Digital X in K\u00f6ln eingeladen, einer branchen\u00fcbergreifenden Initiative zur [...]<\/p><\/div><\/div><\/div><\/div><div class=\"post__item post column\"><div class=\"post__content\"><a href=\"https:\/\/biomes.world\/de\/presseportal\/darmflora-test-intest-pro-liefert-ernahrungsempfehlungen\/\" class=\"post__thumbnail\" tabindex=\"0\"><img loading=\"lazy\" decoding=\"async\" width=\"800\" height=\"470\" src=\"https:\/\/biomes.world\/wp-content\/uploads\/2019\/01\/Depositphotos_95870932_l-2015-800x470.jpg\" class=\"attachment-post-thumbnail size-post-thumbnail wp-post-image\" alt=\"Gem\u00fcseauswahl\" srcset=\"https:\/\/biomes.world\/wp-content\/uploads\/2019\/01\/Depositphotos_95870932_l-2015-800x470.jpg 800w, https:\/\/biomes.world\/wp-content\/uploads\/2019\/01\/Depositphotos_95870932_l-2015-400x235.jpg 400w\" sizes=\"auto, (max-width: 800px) 100vw, 800px\" \/><\/a><div class=\"entry\"><div class=\"entry__meta\"><span class=\"meta__posted-on\">Ver\u00f6ffentlicht am <time class=\"meta__date meta__date--published\" datetime=\"2019-01-22T17:07:54+01:00\" itemprop=\"datePublished\">22. Januar 2019<\/time><time class=\"meta__date--updated\" datetime=\"2022-01-20T15:40:12+01:00\" itemprop=\"dateModified\"><\/time><\/span><\/div><div class=\"entry__header\"><div class=\"entry__title h2\"><a href=\"https:\/\/biomes.world\/de\/presseportal\/darmflora-test-intest-pro-liefert-ernahrungsempfehlungen\/\">Darmflora-Test INTEST.pro liefert Ern\u00e4hrungs&shy;empfehlungen durch Abgleich von Analyse-Ergebnissen und Mikrobiom-Studien<\/a><\/div><\/div><div class=\"entry__excerpt\"><p>Die Absicht, Gewicht zu verlieren und sich ges\u00fcnder zu ern\u00e4hren, ist ein Dauerbrenner unter den Neujahrsvors\u00e4tzen. Eine erfolgreiche Umsetzung dieses [...]<\/p><\/div><\/div><\/div><\/div><div class=\"post__item post column\"><div class=\"post__content\"><a href=\"https:\/\/biomes.world\/de\/presseportal\/deutscher-darmflora-selbsttest-wird-mit-alibabas-prize-for-excellence-ausgezeichnet\/\" class=\"post__thumbnail\" tabindex=\"0\"><img loading=\"lazy\" decoding=\"async\" width=\"800\" height=\"470\" src=\"https:\/\/biomes.world\/wp-content\/uploads\/2019\/04\/DSC07991-800x470.jpg\" class=\"attachment-post-thumbnail size-post-thumbnail wp-post-image\" alt=\"ge\u00f6ffneter INTEST.pro Darmfloratest von BIOMES\" srcset=\"https:\/\/biomes.world\/wp-content\/uploads\/2019\/04\/DSC07991-800x470.jpg 800w, https:\/\/biomes.world\/wp-content\/uploads\/2019\/04\/DSC07991-400x235.jpg 400w\" sizes=\"auto, (max-width: 800px) 100vw, 800px\" \/><\/a><div class=\"entry\"><div class=\"entry__meta\"><span class=\"meta__posted-on\">Ver\u00f6ffentlicht am <time class=\"meta__date meta__date--published\" datetime=\"2018-12-03T11:00:29+01:00\" itemprop=\"datePublished\">3. Dezember 2018<\/time><time class=\"meta__date--updated\" datetime=\"2021-09-29T11:56:10+02:00\" itemprop=\"dateModified\"><\/time><\/span><\/div><div class=\"entry__header\"><div class=\"entry__title h2\"><a href=\"https:\/\/biomes.world\/de\/presseportal\/deutscher-darmflora-selbsttest-wird-mit-alibabas-prize-for-excellence-ausgezeichnet\/\">Deutscher Darmflora-Selbsttest wird mit Alibabas \u201ePrize for Excellence\u201c ausgezeichnet<\/a><\/div><\/div><div class=\"entry__excerpt\"><p>Hangzhou (China) \/ Wildau (Germany), 03. Dezember 2018 - Das junge Biotech- und Lifesciences Startup Biomes \u00fcberzeugte die hochkar\u00e4tige Jury [...]<\/p><\/div><\/div><\/div><\/div><div class=\"post__item post column\"><div class=\"post__content\"><a href=\"https:\/\/biomes.world\/de\/presseportal\/biomes-in-allen-punkten-ausgezeichnet-intest-pro-ist-testsieger-im-internationalen-vergleich-von-mikrobiom-test-kits\/\" class=\"post__thumbnail\" tabindex=\"0\"><img loading=\"lazy\" decoding=\"async\" width=\"800\" height=\"470\" src=\"https:\/\/biomes.world\/wp-content\/uploads\/2019\/10\/Depositphotos_71296193_l-2015-800x470.jpg\" class=\"attachment-post-thumbnail size-post-thumbnail wp-post-image\" alt=\"Muskel Fitness\" srcset=\"https:\/\/biomes.world\/wp-content\/uploads\/2019\/10\/Depositphotos_71296193_l-2015-800x470.jpg 800w, https:\/\/biomes.world\/wp-content\/uploads\/2019\/10\/Depositphotos_71296193_l-2015-400x235.jpg 400w\" sizes=\"auto, (max-width: 800px) 100vw, 800px\" \/><\/a><div class=\"entry\"><div class=\"entry__meta\"><span class=\"meta__posted-on\">Ver\u00f6ffentlicht am <time class=\"meta__date meta__date--published\" datetime=\"2018-11-15T12:19:48+01:00\" itemprop=\"datePublished\">15. November 2018<\/time><time class=\"meta__date--updated\" datetime=\"2023-07-18T13:40:09+02:00\" itemprop=\"dateModified\"><\/time><\/span><\/div><div class=\"entry__header\"><div class=\"entry__title h2\"><a href=\"https:\/\/biomes.world\/de\/presseportal\/biomes-in-allen-punkten-ausgezeichnet-intest-pro-ist-testsieger-im-internationalen-vergleich-von-mikrobiom-test-kits\/\"><b>BIOMES<\/b> in allen Punkten ausgezeichnet: <b>INTEST.<\/b>pro ist Testsieger im internationalen Vergleich von Mikrobiom-Test Kits<\/a><\/div><\/div><div class=\"entry__excerpt\"><p>Wildau, 15. November 2018 \u2013 In insgesamt acht Vergleichskriterien konnte der Darmflora-Selbsttest INTEST.pro die Redaktion von MyMicrobiome \u00fcberzeugen und sich [...]<\/p><\/div><\/div><\/div><\/div><div class=\"post__item post column\"><div class=\"post__content\"><a href=\"https:\/\/biomes.world\/de\/presseportal\/wachtumsunternehmen-biomes-mit-produktneuheit-auf-der-expopharm\/\" class=\"post__thumbnail\" tabindex=\"0\"><img loading=\"lazy\" decoding=\"async\" width=\"800\" height=\"470\" src=\"https:\/\/biomes.world\/wp-content\/uploads\/2021\/05\/tewo-scaled-800x470.jpg\" class=\"attachment-post-thumbnail size-post-thumbnail wp-post-image\" alt=\"BIOMES Wissenschaftler mit Kittel im Labor\" srcset=\"https:\/\/biomes.world\/wp-content\/uploads\/2021\/05\/tewo-scaled-800x470.jpg 800w, https:\/\/biomes.world\/wp-content\/uploads\/2021\/05\/tewo-scaled-400x235.jpg 400w\" sizes=\"auto, (max-width: 800px) 100vw, 800px\" \/><\/a><div class=\"entry\"><div class=\"entry__meta\"><span class=\"meta__posted-on\">Ver\u00f6ffentlicht am <time class=\"meta__date meta__date--published\" datetime=\"2018-10-08T12:01:52+02:00\" itemprop=\"datePublished\">8. Oktober 2018<\/time><time class=\"meta__date--updated\" datetime=\"2021-09-29T11:38:17+02:00\" itemprop=\"dateModified\"><\/time><\/span><\/div><div class=\"entry__header\"><div class=\"entry__title h2\"><a href=\"https:\/\/biomes.world\/de\/presseportal\/wachtumsunternehmen-biomes-mit-produktneuheit-auf-der-expopharm\/\">Wachtumsunternehmen <b>BIOMES<\/b> mit Produktneuheit auf der Expopharm<\/a><\/div><\/div><div class=\"entry__excerpt\"><p>Pr\u00e4sentation des neuen Darmflora-Selbsttests INTEST.pro vor Fach\u00f6ffentlichkeit und Investoren. Wildau\/M\u00fcnchen, 8. Oktober 2018 \u2013 Auf Europas pharmazeutischer Leitmesse Expopharm (10.-13.10.) [...]<\/p><\/div><\/div><\/div><\/div><div class=\"post__item post column\"><div class=\"post__content\"><a href=\"https:\/\/biomes.world\/de\/presseportal\/lernen-sie-biomes-kennen\/\" class=\"post__thumbnail\" tabindex=\"0\"><img loading=\"lazy\" decoding=\"async\" width=\"800\" height=\"470\" src=\"https:\/\/biomes.world\/wp-content\/uploads\/2018\/08\/Lern-BIOMES-kennen-800x470.jpg\" class=\"attachment-post-thumbnail size-post-thumbnail wp-post-image\" alt=\"Zwei Personen stehen im Freien vor einem modernen Geb\u00e4ude mit einem begr\u00fcnten Dach. Der Mann tr\u00e4gt ein hellblaues Hemd, die Frau ein helles Oberteil und h\u00e4lt ein BIOMES-Produkt in der Hand. Das Bild vermittelt eine einladende Atmosph\u00e4re f\u00fcr die Einf\u00fchrung in BIOMES.\" srcset=\"https:\/\/biomes.world\/wp-content\/uploads\/2018\/08\/Lern-BIOMES-kennen-800x470.jpg 800w, https:\/\/biomes.world\/wp-content\/uploads\/2018\/08\/Lern-BIOMES-kennen-400x235.jpg 400w\" sizes=\"auto, (max-width: 800px) 100vw, 800px\" \/><\/a><div class=\"entry\"><div class=\"entry__meta\"><span class=\"meta__posted-on\">Ver\u00f6ffentlicht am <time class=\"meta__date meta__date--published\" datetime=\"2018-08-16T12:45:03+02:00\" itemprop=\"datePublished\">16. August 2018<\/time><time class=\"meta__date--updated\" datetime=\"2022-07-26T11:29:58+02:00\" itemprop=\"dateModified\"><\/time><\/span><\/div><div class=\"entry__header\"><div class=\"entry__title h2\"><a href=\"https:\/\/biomes.world\/de\/presseportal\/lernen-sie-biomes-kennen\/\">Lernen Sie <b>BIOMES<\/b> kennen.<\/a><\/div><\/div><div class=\"entry__excerpt\"><p>BIOMES war urspr\u00fcnglich eine Ausgr\u00fcndung der Technischen Hochschule Wildau. Hier stellen sich drei der BIOMES Gr\u00fcnder in einem Video-Projekt von [...]<\/p><\/div><\/div><\/div><\/div><\/div><\/div>\n","protected":false},"excerpt":{"rendered":"<p>BIOMES war urspr\u00fcnglich eine Ausgr\u00fcndung der Technischen Hochschule Wildau. Hier stellen sich drei der BIOMES Gr\u00fcnder in einem Video-Projekt von [&#8230;]<\/p>\n","protected":false},"author":3168,"featured_media":505494,"comment_status":"closed","ping_status":"closed","sticky":false,"template":"","format":"standard","meta":{"_acf_changed":false,"footnotes":""},"categories":[65],"tags":[],"class_list":["post-132124","post","type-post","status-publish","format-standard","has-post-thumbnail","hentry","category-presseportal"],"acf":[],"yoast_head":"<!-- This site is optimized with the Yoast SEO plugin v28.2 - https:\/\/yoast.com\/product\/yoast-seo-wordpress\/ -->\n<title>INTEST.pro von BIOMES - \u201ePrize for Excellence\u201c ????<\/title>\n<meta name=\"description\" content=\"INTEST.pro - Mikrobiom-Analyse von BIOMES \u00fcberzeugte die internationale Jury und wurde mit dem \u201ePrize for Excellence\u201c ausgezeichnet.\" \/>\n<meta name=\"robots\" content=\"index, follow, max-snippet:-1, max-image-preview:large, max-video-preview:-1\" \/>\n<link rel=\"canonical\" href=\"https:\/\/biomes.world\/de\/presseportal\/deutscher-darmflora-selbsttest-wird-mit-alibabas-prize-for-excellence-ausgezeichnet\/\" \/>\n<meta property=\"og:locale\" content=\"de_DE\" \/>\n<meta property=\"og:type\" content=\"article\" \/>\n<meta property=\"og:title\" content=\"INTEST.pro von BIOMES - \u201ePrize for Excellence\u201c ????\" \/>\n<meta property=\"og:description\" content=\"INTEST.pro - Mikrobiom-Analyse von BIOMES \u00fcberzeugte die internationale Jury und wurde mit dem \u201ePrize for Excellence\u201c ausgezeichnet.\" \/>\n<meta property=\"og:url\" content=\"https:\/\/biomes.world\/de\/presseportal\/deutscher-darmflora-selbsttest-wird-mit-alibabas-prize-for-excellence-ausgezeichnet\/\" \/>\n<meta property=\"og:site_name\" content=\"BIOMES - Feel better\" \/>\n<meta property=\"article:publisher\" content=\"https:\/\/de-de.facebook.com\/BIOMES.world\/\" \/>\n<meta property=\"article:published_time\" content=\"2018-12-03T10:00:29+00:00\" \/>\n<meta property=\"article:modified_time\" content=\"2021-09-29T09:56:10+00:00\" \/>\n<meta property=\"og:image\" content=\"https:\/\/biomes.world\/wp-content\/uploads\/2019\/04\/DSC07991.jpg\" \/>\n\t<meta property=\"og:image:width\" content=\"1620\" \/>\n\t<meta property=\"og:image:height\" content=\"911\" \/>\n\t<meta property=\"og:image:type\" content=\"image\/jpeg\" \/>\n<meta name=\"author\" content=\"Dr. Paul Hammer\" \/>\n<meta name=\"twitter:card\" content=\"summary_large_image\" \/>\n<meta name=\"twitter:label1\" content=\"Verfasst von\" \/>\n\t<meta name=\"twitter:data1\" content=\"Dr. Paul Hammer\" \/>\n\t<meta name=\"twitter:label2\" content=\"Gesch\u00e4tzte Lesezeit\" \/>\n\t<meta name=\"twitter:data2\" content=\"2\u00a0Minuten\" \/>\n<script type=\"application\/ld+json\" class=\"yoast-schema-graph\">{\"@context\":\"https:\\\/\\\/schema.org\",\"@graph\":[{\"@type\":\"Article\",\"@id\":\"https:\\\/\\\/biomes.world\\\/de\\\/presseportal\\\/deutscher-darmflora-selbsttest-wird-mit-alibabas-prize-for-excellence-ausgezeichnet\\\/#article\",\"isPartOf\":{\"@id\":\"https:\\\/\\\/biomes.world\\\/de\\\/presseportal\\\/deutscher-darmflora-selbsttest-wird-mit-alibabas-prize-for-excellence-ausgezeichnet\\\/\"},\"author\":{\"name\":\"Dr. Paul Hammer\",\"@id\":\"https:\\\/\\\/biomes.world\\\/de\\\/#\\\/schema\\\/person\\\/6ca9c5d1dd4da421e107092bf1235957\"},\"headline\":\"Deutscher Darmflora-Selbsttest wird mit Alibabas \u201ePrize for Excellence\u201c ausgezeichnet\",\"datePublished\":\"2018-12-03T10:00:29+00:00\",\"dateModified\":\"2021-09-29T09:56:10+00:00\",\"mainEntityOfPage\":{\"@id\":\"https:\\\/\\\/biomes.world\\\/de\\\/presseportal\\\/deutscher-darmflora-selbsttest-wird-mit-alibabas-prize-for-excellence-ausgezeichnet\\\/\"},\"wordCount\":438,\"publisher\":{\"@id\":\"https:\\\/\\\/biomes.world\\\/de\\\/#organization\"},\"image\":{\"@id\":\"https:\\\/\\\/biomes.world\\\/de\\\/presseportal\\\/deutscher-darmflora-selbsttest-wird-mit-alibabas-prize-for-excellence-ausgezeichnet\\\/#primaryimage\"},\"thumbnailUrl\":\"https:\\\/\\\/biomes.world\\\/wp-content\\\/uploads\\\/2019\\\/04\\\/DSC07991.jpg\",\"articleSection\":[\"Presseportal\"],\"inLanguage\":\"de\"},{\"@type\":\"WebPage\",\"@id\":\"https:\\\/\\\/biomes.world\\\/de\\\/presseportal\\\/deutscher-darmflora-selbsttest-wird-mit-alibabas-prize-for-excellence-ausgezeichnet\\\/\",\"url\":\"https:\\\/\\\/biomes.world\\\/de\\\/presseportal\\\/deutscher-darmflora-selbsttest-wird-mit-alibabas-prize-for-excellence-ausgezeichnet\\\/\",\"name\":\"INTEST.pro von BIOMES - \u201ePrize for Excellence\u201c ????\",\"isPartOf\":{\"@id\":\"https:\\\/\\\/biomes.world\\\/de\\\/#website\"},\"primaryImageOfPage\":{\"@id\":\"https:\\\/\\\/biomes.world\\\/de\\\/presseportal\\\/deutscher-darmflora-selbsttest-wird-mit-alibabas-prize-for-excellence-ausgezeichnet\\\/#primaryimage\"},\"image\":{\"@id\":\"https:\\\/\\\/biomes.world\\\/de\\\/presseportal\\\/deutscher-darmflora-selbsttest-wird-mit-alibabas-prize-for-excellence-ausgezeichnet\\\/#primaryimage\"},\"thumbnailUrl\":\"https:\\\/\\\/biomes.world\\\/wp-content\\\/uploads\\\/2019\\\/04\\\/DSC07991.jpg\",\"datePublished\":\"2018-12-03T10:00:29+00:00\",\"dateModified\":\"2021-09-29T09:56:10+00:00\",\"description\":\"INTEST.pro - Mikrobiom-Analyse von BIOMES \u00fcberzeugte die internationale Jury und wurde mit dem \u201ePrize for Excellence\u201c ausgezeichnet.\",\"breadcrumb\":{\"@id\":\"https:\\\/\\\/biomes.world\\\/de\\\/presseportal\\\/deutscher-darmflora-selbsttest-wird-mit-alibabas-prize-for-excellence-ausgezeichnet\\\/#breadcrumb\"},\"inLanguage\":\"de\",\"potentialAction\":[{\"@type\":\"ReadAction\",\"target\":[\"https:\\\/\\\/biomes.world\\\/de\\\/presseportal\\\/deutscher-darmflora-selbsttest-wird-mit-alibabas-prize-for-excellence-ausgezeichnet\\\/\"]}]},{\"@type\":\"ImageObject\",\"inLanguage\":\"de\",\"@id\":\"https:\\\/\\\/biomes.world\\\/de\\\/presseportal\\\/deutscher-darmflora-selbsttest-wird-mit-alibabas-prize-for-excellence-ausgezeichnet\\\/#primaryimage\",\"url\":\"https:\\\/\\\/biomes.world\\\/wp-content\\\/uploads\\\/2019\\\/04\\\/DSC07991.jpg\",\"contentUrl\":\"https:\\\/\\\/biomes.world\\\/wp-content\\\/uploads\\\/2019\\\/04\\\/DSC07991.jpg\",\"width\":1620,\"height\":911,\"caption\":\"ge\u00f6ffneter INTEST.pro Darmfloratest von BIOMES\"},{\"@type\":\"BreadcrumbList\",\"@id\":\"https:\\\/\\\/biomes.world\\\/de\\\/presseportal\\\/deutscher-darmflora-selbsttest-wird-mit-alibabas-prize-for-excellence-ausgezeichnet\\\/#breadcrumb\",\"itemListElement\":[{\"@type\":\"ListItem\",\"position\":1,\"name\":\"Home\",\"item\":\"https:\\\/\\\/biomes.world\\\/de\\\/\"},{\"@type\":\"ListItem\",\"position\":2,\"name\":\"Deutscher Darmflora-Selbsttest wird mit Alibabas \u201ePrize for Excellence\u201c ausgezeichnet\"}]},{\"@type\":\"WebSite\",\"@id\":\"https:\\\/\\\/biomes.world\\\/de\\\/#website\",\"url\":\"https:\\\/\\\/biomes.world\\\/de\\\/\",\"name\":\"BIOMES - Feel better\",\"description\":\"Cutting-edge biotechnology used to help people\",\"publisher\":{\"@id\":\"https:\\\/\\\/biomes.world\\\/de\\\/#organization\"},\"potentialAction\":[{\"@type\":\"SearchAction\",\"target\":{\"@type\":\"EntryPoint\",\"urlTemplate\":\"https:\\\/\\\/biomes.world\\\/de\\\/?s={search_term_string}\"},\"query-input\":{\"@type\":\"PropertyValueSpecification\",\"valueRequired\":true,\"valueName\":\"search_term_string\"}}],\"inLanguage\":\"de\"},{\"@type\":\"Organization\",\"@id\":\"https:\\\/\\\/biomes.world\\\/de\\\/#organization\",\"name\":\"BIOMES 4.0 GmbH\",\"url\":\"https:\\\/\\\/biomes.world\\\/de\\\/\",\"logo\":{\"@type\":\"ImageObject\",\"inLanguage\":\"de\",\"@id\":\"https:\\\/\\\/biomes.world\\\/de\\\/#\\\/schema\\\/logo\\\/image\\\/\",\"url\":\"https:\\\/\\\/biomes.world\\\/wp-content\\\/uploads\\\/2024\\\/04\\\/biomes_logo_2021_RGB.png\",\"contentUrl\":\"https:\\\/\\\/biomes.world\\\/wp-content\\\/uploads\\\/2024\\\/04\\\/biomes_logo_2021_RGB.png\",\"width\":10040,\"height\":2599,\"caption\":\"BIOMES 4.0 GmbH\"},\"image\":{\"@id\":\"https:\\\/\\\/biomes.world\\\/de\\\/#\\\/schema\\\/logo\\\/image\\\/\"},\"sameAs\":[\"https:\\\/\\\/de-de.facebook.com\\\/BIOMES.world\\\/\",\"https:\\\/\\\/www.youtube.com\\\/@BIOMESworld\",\"https:\\\/\\\/www.instagram.com\\\/biomes_official\\\/\"]},{\"@type\":\"Person\",\"@id\":\"https:\\\/\\\/biomes.world\\\/de\\\/#\\\/schema\\\/person\\\/6ca9c5d1dd4da421e107092bf1235957\",\"name\":\"Dr. Paul Hammer\",\"image\":{\"@type\":\"ImageObject\",\"inLanguage\":\"de\",\"@id\":\"https:\\\/\\\/biomes.world\\\/wp-content\\\/uploads\\\/2024\\\/07\\\/cropped-paul_hammer_biomes_world-96x96.jpg\",\"url\":\"https:\\\/\\\/biomes.world\\\/wp-content\\\/uploads\\\/2024\\\/07\\\/cropped-paul_hammer_biomes_world-96x96.jpg\",\"contentUrl\":\"https:\\\/\\\/biomes.world\\\/wp-content\\\/uploads\\\/2024\\\/07\\\/cropped-paul_hammer_biomes_world-96x96.jpg\",\"caption\":\"Dr. Paul Hammer\"},\"description\":\"Dr. Paul Hammer ist Gr\u00fcnder und CEO der BIOMES 4.0 GmbH. Paul promovierte 2012 in Systembiologie und Bioinformatik.\",\"url\":\"https:\\\/\\\/biomes.world\\\/de\\\/author\\\/paul_hammer\\\/\"}]}<\/script>\n<!-- \/ Yoast SEO plugin. -->","yoast_head_json":{"title":"INTEST.pro von BIOMES - \u201ePrize for Excellence\u201c ????","description":"INTEST.pro - Mikrobiom-Analyse von BIOMES \u00fcberzeugte die internationale Jury und wurde mit dem \u201ePrize for Excellence\u201c ausgezeichnet.","robots":{"index":"index","follow":"follow","max-snippet":"max-snippet:-1","max-image-preview":"max-image-preview:large","max-video-preview":"max-video-preview:-1"},"canonical":"https:\/\/biomes.world\/de\/presseportal\/deutscher-darmflora-selbsttest-wird-mit-alibabas-prize-for-excellence-ausgezeichnet\/","og_locale":"de_DE","og_type":"article","og_title":"INTEST.pro von BIOMES - \u201ePrize for Excellence\u201c ????","og_description":"INTEST.pro - Mikrobiom-Analyse von BIOMES \u00fcberzeugte die internationale Jury und wurde mit dem \u201ePrize for Excellence\u201c ausgezeichnet.","og_url":"https:\/\/biomes.world\/de\/presseportal\/deutscher-darmflora-selbsttest-wird-mit-alibabas-prize-for-excellence-ausgezeichnet\/","og_site_name":"BIOMES - Feel better","article_publisher":"https:\/\/de-de.facebook.com\/BIOMES.world\/","article_published_time":"2018-12-03T10:00:29+00:00","article_modified_time":"2021-09-29T09:56:10+00:00","og_image":[{"width":1620,"height":911,"url":"https:\/\/biomes.world\/wp-content\/uploads\/2019\/04\/DSC07991.jpg","type":"image\/jpeg"}],"author":"Dr. Paul Hammer","twitter_card":"summary_large_image","twitter_misc":{"Verfasst von":"Dr. Paul Hammer","Gesch\u00e4tzte Lesezeit":"2\u00a0Minuten"},"schema":{"@context":"https:\/\/schema.org","@graph":[{"@type":"Article","@id":"https:\/\/biomes.world\/de\/presseportal\/deutscher-darmflora-selbsttest-wird-mit-alibabas-prize-for-excellence-ausgezeichnet\/#article","isPartOf":{"@id":"https:\/\/biomes.world\/de\/presseportal\/deutscher-darmflora-selbsttest-wird-mit-alibabas-prize-for-excellence-ausgezeichnet\/"},"author":{"name":"Dr. Paul Hammer","@id":"https:\/\/biomes.world\/de\/#\/schema\/person\/6ca9c5d1dd4da421e107092bf1235957"},"headline":"Deutscher Darmflora-Selbsttest wird mit Alibabas \u201ePrize for Excellence\u201c ausgezeichnet","datePublished":"2018-12-03T10:00:29+00:00","dateModified":"2021-09-29T09:56:10+00:00","mainEntityOfPage":{"@id":"https:\/\/biomes.world\/de\/presseportal\/deutscher-darmflora-selbsttest-wird-mit-alibabas-prize-for-excellence-ausgezeichnet\/"},"wordCount":438,"publisher":{"@id":"https:\/\/biomes.world\/de\/#organization"},"image":{"@id":"https:\/\/biomes.world\/de\/presseportal\/deutscher-darmflora-selbsttest-wird-mit-alibabas-prize-for-excellence-ausgezeichnet\/#primaryimage"},"thumbnailUrl":"https:\/\/biomes.world\/wp-content\/uploads\/2019\/04\/DSC07991.jpg","articleSection":["Presseportal"],"inLanguage":"de"},{"@type":"WebPage","@id":"https:\/\/biomes.world\/de\/presseportal\/deutscher-darmflora-selbsttest-wird-mit-alibabas-prize-for-excellence-ausgezeichnet\/","url":"https:\/\/biomes.world\/de\/presseportal\/deutscher-darmflora-selbsttest-wird-mit-alibabas-prize-for-excellence-ausgezeichnet\/","name":"INTEST.pro von BIOMES - \u201ePrize for Excellence\u201c ????","isPartOf":{"@id":"https:\/\/biomes.world\/de\/#website"},"primaryImageOfPage":{"@id":"https:\/\/biomes.world\/de\/presseportal\/deutscher-darmflora-selbsttest-wird-mit-alibabas-prize-for-excellence-ausgezeichnet\/#primaryimage"},"image":{"@id":"https:\/\/biomes.world\/de\/presseportal\/deutscher-darmflora-selbsttest-wird-mit-alibabas-prize-for-excellence-ausgezeichnet\/#primaryimage"},"thumbnailUrl":"https:\/\/biomes.world\/wp-content\/uploads\/2019\/04\/DSC07991.jpg","datePublished":"2018-12-03T10:00:29+00:00","dateModified":"2021-09-29T09:56:10+00:00","description":"INTEST.pro - Mikrobiom-Analyse von BIOMES \u00fcberzeugte die internationale Jury und wurde mit dem \u201ePrize for Excellence\u201c ausgezeichnet.","breadcrumb":{"@id":"https:\/\/biomes.world\/de\/presseportal\/deutscher-darmflora-selbsttest-wird-mit-alibabas-prize-for-excellence-ausgezeichnet\/#breadcrumb"},"inLanguage":"de","potentialAction":[{"@type":"ReadAction","target":["https:\/\/biomes.world\/de\/presseportal\/deutscher-darmflora-selbsttest-wird-mit-alibabas-prize-for-excellence-ausgezeichnet\/"]}]},{"@type":"ImageObject","inLanguage":"de","@id":"https:\/\/biomes.world\/de\/presseportal\/deutscher-darmflora-selbsttest-wird-mit-alibabas-prize-for-excellence-ausgezeichnet\/#primaryimage","url":"https:\/\/biomes.world\/wp-content\/uploads\/2019\/04\/DSC07991.jpg","contentUrl":"https:\/\/biomes.world\/wp-content\/uploads\/2019\/04\/DSC07991.jpg","width":1620,"height":911,"caption":"ge\u00f6ffneter INTEST.pro Darmfloratest von BIOMES"},{"@type":"BreadcrumbList","@id":"https:\/\/biomes.world\/de\/presseportal\/deutscher-darmflora-selbsttest-wird-mit-alibabas-prize-for-excellence-ausgezeichnet\/#breadcrumb","itemListElement":[{"@type":"ListItem","position":1,"name":"Home","item":"https:\/\/biomes.world\/de\/"},{"@type":"ListItem","position":2,"name":"Deutscher Darmflora-Selbsttest wird mit Alibabas \u201ePrize for Excellence\u201c ausgezeichnet"}]},{"@type":"WebSite","@id":"https:\/\/biomes.world\/de\/#website","url":"https:\/\/biomes.world\/de\/","name":"BIOMES - Feel better","description":"Cutting-edge biotechnology used to help people","publisher":{"@id":"https:\/\/biomes.world\/de\/#organization"},"potentialAction":[{"@type":"SearchAction","target":{"@type":"EntryPoint","urlTemplate":"https:\/\/biomes.world\/de\/?s={search_term_string}"},"query-input":{"@type":"PropertyValueSpecification","valueRequired":true,"valueName":"search_term_string"}}],"inLanguage":"de"},{"@type":"Organization","@id":"https:\/\/biomes.world\/de\/#organization","name":"BIOMES 4.0 GmbH","url":"https:\/\/biomes.world\/de\/","logo":{"@type":"ImageObject","inLanguage":"de","@id":"https:\/\/biomes.world\/de\/#\/schema\/logo\/image\/","url":"https:\/\/biomes.world\/wp-content\/uploads\/2024\/04\/biomes_logo_2021_RGB.png","contentUrl":"https:\/\/biomes.world\/wp-content\/uploads\/2024\/04\/biomes_logo_2021_RGB.png","width":10040,"height":2599,"caption":"BIOMES 4.0 GmbH"},"image":{"@id":"https:\/\/biomes.world\/de\/#\/schema\/logo\/image\/"},"sameAs":["https:\/\/de-de.facebook.com\/BIOMES.world\/","https:\/\/www.youtube.com\/@BIOMESworld","https:\/\/www.instagram.com\/biomes_official\/"]},{"@type":"Person","@id":"https:\/\/biomes.world\/de\/#\/schema\/person\/6ca9c5d1dd4da421e107092bf1235957","name":"Dr. Paul Hammer","image":{"@type":"ImageObject","inLanguage":"de","@id":"https:\/\/biomes.world\/wp-content\/uploads\/2024\/07\/cropped-paul_hammer_biomes_world-96x96.jpg","url":"https:\/\/biomes.world\/wp-content\/uploads\/2024\/07\/cropped-paul_hammer_biomes_world-96x96.jpg","contentUrl":"https:\/\/biomes.world\/wp-content\/uploads\/2024\/07\/cropped-paul_hammer_biomes_world-96x96.jpg","caption":"Dr. Paul Hammer"},"description":"Dr. Paul Hammer ist Gr\u00fcnder und CEO der BIOMES 4.0 GmbH. Paul promovierte 2012 in Systembiologie und Bioinformatik.","url":"https:\/\/biomes.world\/de\/author\/paul_hammer\/"}]}},"_links":{"self":[{"href":"https:\/\/biomes.world\/de\/wp-json\/wp\/v2\/posts\/132124","targetHints":{"allow":["GET"]}}],"collection":[{"href":"https:\/\/biomes.world\/de\/wp-json\/wp\/v2\/posts"}],"about":[{"href":"https:\/\/biomes.world\/de\/wp-json\/wp\/v2\/types\/post"}],"author":[{"embeddable":true,"href":"https:\/\/biomes.world\/de\/wp-json\/wp\/v2\/users\/3168"}],"replies":[{"embeddable":true,"href":"https:\/\/biomes.world\/de\/wp-json\/wp\/v2\/comments?post=132124"}],"version-history":[{"count":0,"href":"https:\/\/biomes.world\/de\/wp-json\/wp\/v2\/posts\/132124\/revisions"}],"wp:featuredmedia":[{"embeddable":true,"href":"https:\/\/biomes.world\/de\/wp-json\/wp\/v2\/media\/505494"}],"wp:attachment":[{"href":"https:\/\/biomes.world\/de\/wp-json\/wp\/v2\/media?parent=132124"}],"wp:term":[{"taxonomy":"category","embeddable":true,"href":"https:\/\/biomes.world\/de\/wp-json\/wp\/v2\/categories?post=132124"},{"taxonomy":"post_tag","embeddable":true,"href":"https:\/\/biomes.world\/de\/wp-json\/wp\/v2\/tags?post=132124"}],"curies":[{"name":"wp","href":"https:\/\/api.w.org\/{rel}","templated":true}]}}